{"id":31176,"date":"2022-10-09T21:24:00","date_gmt":"2022-10-09T20:24:00","guid":{"rendered":"http:\/\/fegrama.cat\/web\/?p=31176"},"modified":"2022-10-09T21:24:01","modified_gmt":"2022-10-09T20:24:01","slug":"el-nostre-primer-equip-surt-victorios-malgrat-el-desavantatge","status":"publish","type":"post","link":"http:\/\/fegrama.cat\/web\/el-nostre-primer-equip-surt-victorios-malgrat-el-desavantatge\/","title":{"rendered":"El nostre primer equip surt victori\u00f3s malgrat el desavantatge"},"content":{"rendered":"\n<p><strong>F.E Grama 1 &#8211; Girona \u201cB\u201d 0<\/strong><\/p>\n\n\n\n<p>El nostre primer equip va jugar un partit molt disputat. Un partit, en el qual tots dos equips buscaven tenir la possessi\u00f3 constant de la pilota i dominar el joc.<br>Tots dos equips joves, per\u00f2 sobretot un Girona refor\u00e7at amb tres jugadors del seu primer equip que juga en Primera Divisi\u00f3 (Oscar Ure\u00f1a, Joel Roca i Ricard\u00a0Artero), la qual cosa en una certa part donava aquest avantatge al visitant.<br>Tot i aix\u00ed, un partit guanyat per la\u00a0Grama\u00a0amb el gol de Guillem\u00a0Trilla\u00a0en la primera part; molt competit i on els dos equips van tenir ocasions per a tenir algun gol m\u00e9s.<\/p>\n\n\n\n<figure class=\"wp-block-image size-large\"><img loading=\"lazy\" decoding=\"async\" width=\"1024\" height=\"683\" src=\"http:\/\/fegrama.cat\/web\/wp-content\/uploads\/2022\/10\/IMG_6235-1024x683.jpg\" alt=\"\" class=\"wp-image-31177\" srcset=\"http:\/\/fegrama.cat\/web\/wp-content\/uploads\/2022\/10\/IMG_6235-1024x683.jpg 1024w, http:\/\/fegrama.cat\/web\/wp-content\/uploads\/2022\/10\/IMG_6235-300x200.jpg 300w, http:\/\/fegrama.cat\/web\/wp-content\/uploads\/2022\/10\/IMG_6235-768x512.jpg 768w, http:\/\/fegrama.cat\/web\/wp-content\/uploads\/2022\/10\/IMG_6235-1536x1024.jpg 1536w, http:\/\/fegrama.cat\/web\/wp-content\/uploads\/2022\/10\/IMG_6235-2048x1365.jpg 2048w\" sizes=\"auto, (max-width: 1024px) 100vw, 1024px\" \/><figcaption>Imatge de Carlos P\u00e9rez<\/figcaption><\/figure>\n\n\n\n<p><\/p>\n\n\n\n<hr class=\"wp-block-separator\"\/>\n\n\n\n<p><\/p>\n\n\n\n<p><strong>F.E Grama 1 &#8211; Girona \u201cB\u201d 0<\/strong><\/p>\n\n\n\n<p>Nuestro primer equipo jug\u00f3 un partido muy disputado. Un partido, en el que ambos equipos buscaban tener la posesi\u00f3n constante del bal\u00f3n y dominar el juego.<\/p>\n\n\n\n<p>Ambos equipos, j\u00f3venes, pero sobre todo un Girona reforzado con tres jugadores del primer equipo (Oscar Ure\u00f1a, Joel Roca y Ricard Artero), lo que en cierta parte daba esa ventaja al visitante.<\/p>\n\n\n\n<p>A\u00fan as\u00ed, un partido ganado por la Grama con el gol de Guillem Trilla en la primera parte; muy competido y donde los dos equipos tuvieron ocasiones para tener alg\u00fan gol m\u00e1s.<\/p>\n\n\n\n<figure class=\"wp-block-image size-large\"><img loading=\"lazy\" decoding=\"async\" width=\"1024\" height=\"683\" src=\"http:\/\/fegrama.cat\/web\/wp-content\/uploads\/2022\/10\/IMG_6262-1024x683.jpg\" alt=\"\" class=\"wp-image-31178\" srcset=\"http:\/\/fegrama.cat\/web\/wp-content\/uploads\/2022\/10\/IMG_6262-1024x683.jpg 1024w, http:\/\/fegrama.cat\/web\/wp-content\/uploads\/2022\/10\/IMG_6262-300x200.jpg 300w, http:\/\/fegrama.cat\/web\/wp-content\/uploads\/2022\/10\/IMG_6262-768x512.jpg 768w, http:\/\/fegrama.cat\/web\/wp-content\/uploads\/2022\/10\/IMG_6262-1536x1024.jpg 1536w, http:\/\/fegrama.cat\/web\/wp-content\/uploads\/2022\/10\/IMG_6262-2048x1365.jpg 2048w\" sizes=\"auto, (max-width: 1024px) 100vw, 1024px\" \/><figcaption>Imatge de Carlos P\u00e9rez<\/figcaption><\/figure>\n\n\n\n<p><\/p>\n","protected":false},"excerpt":{"rendered":"<p>F.E Grama 1 &#8211; Girona \u201cB\u201d 0 El nostre primer equip va jugar un partit molt disputat. Un partit, en el qual tots dos equips buscaven tenir la possessi\u00f3 constant de la pilota i dominar el joc.Tots dos equips joves, per\u00f2 sobretot un Girona refor\u00e7at amb tres jugadors del seu primer equip que juga en [&hellip;]<\/p>\n","protected":false},"author":1,"featured_media":31177,"comment_status":"closed","ping_status":"closed","sticky":false,"template":"","format":"standard","meta":{"footnotes":""},"categories":[5],"tags":[],"class_list":["post-31176","post","type-post","status-publish","format-standard","has-post-thumbnail","hentry","category-primer-equip"],"_links":{"self":[{"href":"http:\/\/fegrama.cat\/web\/wp-json\/wp\/v2\/posts\/31176","targetHints":{"allow":["GET"]}}],"collection":[{"href":"http:\/\/fegrama.cat\/web\/wp-json\/wp\/v2\/posts"}],"about":[{"href":"http:\/\/fegrama.cat\/web\/wp-json\/wp\/v2\/types\/post"}],"author":[{"embeddable":true,"href":"http:\/\/fegrama.cat\/web\/wp-json\/wp\/v2\/users\/1"}],"replies":[{"embeddable":true,"href":"http:\/\/fegrama.cat\/web\/wp-json\/wp\/v2\/comments?post=31176"}],"version-history":[{"count":1,"href":"http:\/\/fegrama.cat\/web\/wp-json\/wp\/v2\/posts\/31176\/revisions"}],"predecessor-version":[{"id":31179,"href":"http:\/\/fegrama.cat\/web\/wp-json\/wp\/v2\/posts\/31176\/revisions\/31179"}],"wp:featuredmedia":[{"embeddable":true,"href":"http:\/\/fegrama.cat\/web\/wp-json\/wp\/v2\/media\/31177"}],"wp:attachment":[{"href":"http:\/\/fegrama.cat\/web\/wp-json\/wp\/v2\/media?parent=31176"}],"wp:term":[{"taxonomy":"category","embeddable":true,"href":"http:\/\/fegrama.cat\/web\/wp-json\/wp\/v2\/categories?post=31176"},{"taxonomy":"post_tag","embeddable":true,"href":"http:\/\/fegrama.cat\/web\/wp-json\/wp\/v2\/tags?post=31176"}],"curies":[{"name":"wp","href":"https:\/\/api.w.org\/{rel}","templated":true}]}}