{"id":31171,"date":"2022-10-03T14:52:01","date_gmt":"2022-10-03T13:52:01","guid":{"rendered":"http:\/\/fegrama.cat\/web\/?p=31171"},"modified":"2022-10-03T14:52:02","modified_gmt":"2022-10-03T13:52:02","slug":"partit-amb-caracter-pel-nostre-juvenil-b","status":"publish","type":"post","link":"http:\/\/fegrama.cat\/web\/partit-amb-caracter-pel-nostre-juvenil-b\/","title":{"rendered":"Partit amb car\u00e0cter pel nostre Juvenil \u00abB\u00bb!"},"content":{"rendered":"\n<p><strong>Cinc Copes 0 &#8211; Juvenil \u00abB\u00bb 2<\/strong><\/p>\n\n\n\n<p>Partit de molt d&#8217;ofici el que van jugar els nois del Juvenil \u00abB\u00bb aquest passat cap de setmana. Els de la Grama van poder llegir b\u00e9 la pressi\u00f3 alta dels contraris durant la primera part, la qual cosa va fer que poguessin atacar per l&#8217;esquena amb els \u00faltims jugadors dels visitants.<\/p>\n\n\n\n<p>En la segona part, va haver-hi m\u00e9s disputa, per\u00f2 aix\u00f2 no va fer \u00ababaixar els bra\u00e7os\u00bb als nostres que ho van donar tot, no es van enfonsar i mancant poc van poder sentenciar-ho amb una vict\u00f2ria. Els primers tres ja s\u00f3n aqu\u00ed i l&#8217;equip t\u00e8cnic diu: \u00abara toca aprofitar l&#8217;estirada. Gr\u00e0cies a tots els que heu vingut a secundar i sumar!\u00bb<\/p>\n\n\n\n<figure class=\"wp-block-image size-large\"><img loading=\"lazy\" decoding=\"async\" width=\"768\" height=\"1024\" src=\"http:\/\/fegrama.cat\/web\/wp-content\/uploads\/2022\/10\/WhatsApp-Image-2022-10-01-at-10.42.19-PM-768x1024.jpeg\" alt=\"\" class=\"wp-image-31172\" srcset=\"http:\/\/fegrama.cat\/web\/wp-content\/uploads\/2022\/10\/WhatsApp-Image-2022-10-01-at-10.42.19-PM-768x1024.jpeg 768w, http:\/\/fegrama.cat\/web\/wp-content\/uploads\/2022\/10\/WhatsApp-Image-2022-10-01-at-10.42.19-PM-225x300.jpeg 225w, http:\/\/fegrama.cat\/web\/wp-content\/uploads\/2022\/10\/WhatsApp-Image-2022-10-01-at-10.42.19-PM-1152x1536.jpeg 1152w, http:\/\/fegrama.cat\/web\/wp-content\/uploads\/2022\/10\/WhatsApp-Image-2022-10-01-at-10.42.19-PM.jpeg 1200w\" sizes=\"auto, (max-width: 768px) 100vw, 768px\" \/><\/figure>\n\n\n\n<p><\/p>\n\n\n\n<hr class=\"wp-block-separator\"\/>\n\n\n\n<p><\/p>\n\n\n\n<p><strong>Cinc Copes 0 &#8211; Juvenil \u00abB\u00bb 2<\/strong><\/p>\n\n\n\n<p>Partido de mucho oficio el que jugaron los chicos del Juvenil \u201cB\u201d este pasado fin de semana. Los de la Grama pudieron leer bien la presi\u00f3n alta de los contrarios durante la primera parte, lo que hizo que pudiesen atacar por la espalda con los \u00faltimos jugadores de los visitantes.<\/p>\n\n\n\n<p>En la segunda parte, hubo m\u00e1s disputa, pero eso no hizo \u201cbajar los brazos\u201d a los nuestros que lo dieron todo, no se hundieron y a falta de poco pudieron sentenciarlo con una victoria. Los primeros tres ya est\u00e1n aqu\u00ed y el equipo t\u00e9cnico dice: \u201cahora toca aprovechar el tir\u00f3n. \u00a1Gracias a todos los que hab\u00e9is venido a apoyar y sumar!\u201d<\/p>\n","protected":false},"excerpt":{"rendered":"<p>Cinc Copes 0 &#8211; Juvenil \u00abB\u00bb 2 Partit de molt d&#8217;ofici el que van jugar els nois del Juvenil \u00abB\u00bb aquest passat cap de setmana. Els de la Grama van poder llegir b\u00e9 la pressi\u00f3 alta dels contraris durant la primera part, la qual cosa va fer que poguessin atacar per l&#8217;esquena amb els \u00faltims [&hellip;]<\/p>\n","protected":false},"author":1,"featured_media":31172,"comment_status":"closed","ping_status":"closed","sticky":false,"template":"","format":"standard","meta":{"footnotes":""},"categories":[4,6],"tags":[],"class_list":["post-31171","post","type-post","status-publish","format-standard","has-post-thumbnail","hentry","category-base-inclusiu","category-juvenils"],"_links":{"self":[{"href":"http:\/\/fegrama.cat\/web\/wp-json\/wp\/v2\/posts\/31171","targetHints":{"allow":["GET"]}}],"collection":[{"href":"http:\/\/fegrama.cat\/web\/wp-json\/wp\/v2\/posts"}],"about":[{"href":"http:\/\/fegrama.cat\/web\/wp-json\/wp\/v2\/types\/post"}],"author":[{"embeddable":true,"href":"http:\/\/fegrama.cat\/web\/wp-json\/wp\/v2\/users\/1"}],"replies":[{"embeddable":true,"href":"http:\/\/fegrama.cat\/web\/wp-json\/wp\/v2\/comments?post=31171"}],"version-history":[{"count":1,"href":"http:\/\/fegrama.cat\/web\/wp-json\/wp\/v2\/posts\/31171\/revisions"}],"predecessor-version":[{"id":31173,"href":"http:\/\/fegrama.cat\/web\/wp-json\/wp\/v2\/posts\/31171\/revisions\/31173"}],"wp:featuredmedia":[{"embeddable":true,"href":"http:\/\/fegrama.cat\/web\/wp-json\/wp\/v2\/media\/31172"}],"wp:attachment":[{"href":"http:\/\/fegrama.cat\/web\/wp-json\/wp\/v2\/media?parent=31171"}],"wp:term":[{"taxonomy":"category","embeddable":true,"href":"http:\/\/fegrama.cat\/web\/wp-json\/wp\/v2\/categories?post=31171"},{"taxonomy":"post_tag","embeddable":true,"href":"http:\/\/fegrama.cat\/web\/wp-json\/wp\/v2\/tags?post=31171"}],"curies":[{"name":"wp","href":"https:\/\/api.w.org\/{rel}","templated":true}]}}