{"id":31167,"date":"2022-10-02T21:54:02","date_gmt":"2022-10-02T20:54:02","guid":{"rendered":"http:\/\/fegrama.cat\/web\/?p=31167"},"modified":"2022-10-02T21:54:03","modified_gmt":"2022-10-02T20:54:03","slug":"victoria-treballada-la-del-cadet-b","status":"publish","type":"post","link":"http:\/\/fegrama.cat\/web\/victoria-treballada-la-del-cadet-b\/","title":{"rendered":"Vict\u00f2ria treballada la del Cadet \u00abB\u00bb!"},"content":{"rendered":"\n<p><strong>Cadete \u201cB\u201d 2 &#8211; Sant Andreu 0<\/strong><\/p>\n\n\n\n<p>Els nois del Cadet \u201cB\u201d van arrencar la lliga amb una vict\u00f2ria treballada. Una vict\u00f2ria en la qual no van estar del tot encertats, per\u00f2 mitjan\u00e7ant treball, esfor\u00e7 i un gran rendiment dels suplents, es va poder guanyar el partit.<\/p>\n\n\n\n<p>A continuar treballant en els entrenaments!<\/p>\n\n\n\n<p><\/p>\n\n\n\n<figure class=\"wp-block-image size-large\"><img loading=\"lazy\" decoding=\"async\" width=\"1024\" height=\"687\" src=\"http:\/\/fegrama.cat\/web\/wp-content\/uploads\/2022\/10\/WhatsApp-Image-2022-10-02-at-7.12.15-PM-1024x687.jpeg\" alt=\"\" class=\"wp-image-31168\" srcset=\"http:\/\/fegrama.cat\/web\/wp-content\/uploads\/2022\/10\/WhatsApp-Image-2022-10-02-at-7.12.15-PM-1024x687.jpeg 1024w, http:\/\/fegrama.cat\/web\/wp-content\/uploads\/2022\/10\/WhatsApp-Image-2022-10-02-at-7.12.15-PM-300x201.jpeg 300w, http:\/\/fegrama.cat\/web\/wp-content\/uploads\/2022\/10\/WhatsApp-Image-2022-10-02-at-7.12.15-PM-768x515.jpeg 768w, http:\/\/fegrama.cat\/web\/wp-content\/uploads\/2022\/10\/WhatsApp-Image-2022-10-02-at-7.12.15-PM.jpeg 1440w\" sizes=\"auto, (max-width: 1024px) 100vw, 1024px\" \/><\/figure>\n\n\n\n<p><\/p>\n\n\n\n<hr class=\"wp-block-separator\"\/>\n\n\n\n<p><\/p>\n\n\n\n<p><strong>Cadete \u201cB\u201d 2 &#8211; Sant Andreu 0<\/strong><\/p>\n\n\n\n<p>Los chicos del Cadete \u201cB\u201d arrancaron la liga con una victoria trabajada. Una victoria en la que no estuvieron del todo acertados, pero mediante trabajo, esfuerzo y un gran rendimiento de los suplentes, se pudo ganar el partido.<\/p>\n\n\n\n<p>\u00a1A seguir trabajando con los internos!<\/p>\n\n\n\n<p><\/p>\n\n\n\n<figure class=\"wp-block-image size-large\"><img loading=\"lazy\" decoding=\"async\" width=\"1024\" height=\"768\" src=\"http:\/\/fegrama.cat\/web\/wp-content\/uploads\/2022\/10\/WhatsApp-Image-2022-10-02-at-7.12.57-PM-1024x768.jpeg\" alt=\"\" class=\"wp-image-31169\" srcset=\"http:\/\/fegrama.cat\/web\/wp-content\/uploads\/2022\/10\/WhatsApp-Image-2022-10-02-at-7.12.57-PM-1024x768.jpeg 1024w, http:\/\/fegrama.cat\/web\/wp-content\/uploads\/2022\/10\/WhatsApp-Image-2022-10-02-at-7.12.57-PM-300x225.jpeg 300w, http:\/\/fegrama.cat\/web\/wp-content\/uploads\/2022\/10\/WhatsApp-Image-2022-10-02-at-7.12.57-PM-768x576.jpeg 768w, http:\/\/fegrama.cat\/web\/wp-content\/uploads\/2022\/10\/WhatsApp-Image-2022-10-02-at-7.12.57-PM-1536x1152.jpeg 1536w, http:\/\/fegrama.cat\/web\/wp-content\/uploads\/2022\/10\/WhatsApp-Image-2022-10-02-at-7.12.57-PM.jpeg 1600w\" sizes=\"auto, (max-width: 1024px) 100vw, 1024px\" \/><\/figure>\n","protected":false},"excerpt":{"rendered":"<p>Cadete \u201cB\u201d 2 &#8211; Sant Andreu 0 Els nois del Cadet \u201cB\u201d van arrencar la lliga amb una vict\u00f2ria treballada. Una vict\u00f2ria en la qual no van estar del tot encertats, per\u00f2 mitjan\u00e7ant treball, esfor\u00e7 i un gran rendiment dels suplents, es va poder guanyar el partit. A continuar treballant en els entrenaments! Cadete \u201cB\u201d [&hellip;]<\/p>\n","protected":false},"author":1,"featured_media":0,"comment_status":"closed","ping_status":"closed","sticky":false,"template":"","format":"standard","meta":{"footnotes":""},"categories":[4,7],"tags":[],"class_list":["post-31167","post","type-post","status-publish","format-standard","hentry","category-base-inclusiu","category-cadets"],"_links":{"self":[{"href":"http:\/\/fegrama.cat\/web\/wp-json\/wp\/v2\/posts\/31167","targetHints":{"allow":["GET"]}}],"collection":[{"href":"http:\/\/fegrama.cat\/web\/wp-json\/wp\/v2\/posts"}],"about":[{"href":"http:\/\/fegrama.cat\/web\/wp-json\/wp\/v2\/types\/post"}],"author":[{"embeddable":true,"href":"http:\/\/fegrama.cat\/web\/wp-json\/wp\/v2\/users\/1"}],"replies":[{"embeddable":true,"href":"http:\/\/fegrama.cat\/web\/wp-json\/wp\/v2\/comments?post=31167"}],"version-history":[{"count":1,"href":"http:\/\/fegrama.cat\/web\/wp-json\/wp\/v2\/posts\/31167\/revisions"}],"predecessor-version":[{"id":31170,"href":"http:\/\/fegrama.cat\/web\/wp-json\/wp\/v2\/posts\/31167\/revisions\/31170"}],"wp:attachment":[{"href":"http:\/\/fegrama.cat\/web\/wp-json\/wp\/v2\/media?parent=31167"}],"wp:term":[{"taxonomy":"category","embeddable":true,"href":"http:\/\/fegrama.cat\/web\/wp-json\/wp\/v2\/categories?post=31167"},{"taxonomy":"post_tag","embeddable":true,"href":"http:\/\/fegrama.cat\/web\/wp-json\/wp\/v2\/tags?post=31167"}],"curies":[{"name":"wp","href":"https:\/\/api.w.org\/{rel}","templated":true}]}}