{"id":31153,"date":"2022-09-25T15:14:10","date_gmt":"2022-09-25T14:14:10","guid":{"rendered":"http:\/\/fegrama.cat\/web\/?p=31153"},"modified":"2022-09-25T15:14:11","modified_gmt":"2022-09-25T14:14:11","slug":"la-grama-rescata-un-punt-2-2","status":"publish","type":"post","link":"http:\/\/fegrama.cat\/web\/la-grama-rescata-un-punt-2-2\/","title":{"rendered":"La Grama rescata un punt (2-2)"},"content":{"rendered":"\n<p>La Fundaci\u00f3 Esportiva Grama va tornar a estirar d&#8217;\u00e8pica per seguir invicta. La Monta\u00f1esa es va posar dos gols per sobre, per\u00f2 els blaus van rescatar un punt (2-2).<\/p>\n\n\n\n<div class=\"wp-block-image\"><figure class=\"aligncenter size-large\"><img loading=\"lazy\" decoding=\"async\" width=\"1024\" height=\"771\" src=\"https:\/\/fegrama.cat\/web\/wp-content\/uploads\/2022\/09\/IMG_20220925_114315-1024x771.jpg\" alt=\"\" class=\"wp-image-31157\" srcset=\"http:\/\/fegrama.cat\/web\/wp-content\/uploads\/2022\/09\/IMG_20220925_114315-1024x771.jpg 1024w, http:\/\/fegrama.cat\/web\/wp-content\/uploads\/2022\/09\/IMG_20220925_114315-300x226.jpg 300w, http:\/\/fegrama.cat\/web\/wp-content\/uploads\/2022\/09\/IMG_20220925_114315-768x578.jpg 768w, http:\/\/fegrama.cat\/web\/wp-content\/uploads\/2022\/09\/IMG_20220925_114315-1536x1157.jpg 1536w, http:\/\/fegrama.cat\/web\/wp-content\/uploads\/2022\/09\/IMG_20220925_114315-2048x1542.jpg 2048w\" sizes=\"auto, (max-width: 1024px) 100vw, 1024px\" \/><\/figure><\/div>\n\n\n\n<p>Van comen\u00e7ar b\u00e9 els locals amb un xut creuat de Marc als cinc minuts, per\u00f2 ben aviat arribaria l&#8217;artilleria visitant. Velillas en jugada personal amb un xut ras i ajustat al pal des de la frontal marcava el 0-1 als 10 minuts.<\/p>\n\n\n\n<p>La Grama va seguir el seu pla, tenint la pilota i ocasions. De volea Sosa va estar a punt de sorprendre el porter visitant que va haver de volar per evitar el gol. La Monta\u00f1esa sempre ordenada sortia amb transicions r\u00e0pides a l&#8217;atac i aix\u00ed va arribar el 0-2.<\/p>\n\n\n\n<p>Al minut 26 una centrada mesurada a l&#8217;\u00e0rea era rematada de cap per Velillas per marcar el segon. Els colomencs van reaccionar i van fregar el gol, primer Marc fregant el pal i poc despr\u00e9s Montalb\u00e1n.<\/p>\n\n\n\n<p>Ho van intentar fins al descans per\u00f2 no arribava res, fins i tot la darrera del primer temps la va tenir la Monta. Els de Manu Pel\u00e1ez van anar sens dubte de menys a m\u00e9s i despr\u00e9s del pas per vestidors es van apoderar del joc.<\/p>\n\n\n\n<div class=\"wp-block-image\"><figure class=\"aligncenter size-large\"><img loading=\"lazy\" decoding=\"async\" width=\"1024\" height=\"771\" src=\"https:\/\/fegrama.cat\/web\/wp-content\/uploads\/2022\/09\/IMG_20220925_113109-1024x771.jpg\" alt=\"\" class=\"wp-image-31159\" srcset=\"http:\/\/fegrama.cat\/web\/wp-content\/uploads\/2022\/09\/IMG_20220925_113109-1024x771.jpg 1024w, http:\/\/fegrama.cat\/web\/wp-content\/uploads\/2022\/09\/IMG_20220925_113109-300x226.jpg 300w, http:\/\/fegrama.cat\/web\/wp-content\/uploads\/2022\/09\/IMG_20220925_113109-768x578.jpg 768w, http:\/\/fegrama.cat\/web\/wp-content\/uploads\/2022\/09\/IMG_20220925_113109-1536x1157.jpg 1536w, http:\/\/fegrama.cat\/web\/wp-content\/uploads\/2022\/09\/IMG_20220925_113109-2048x1542.jpg 2048w\" sizes=\"auto, (max-width: 1024px) 100vw, 1024px\" \/><figcaption>ADN GRAMA: el president de la FE Grama, Antonio Morales, amb V\u00edctor \u00c1lvarez, Pedro Garc\u00eda (president CF Monta\u00f1esa), Dimas Delgado, Jonathan Linares y Daniel Borrallo (jefe de prensa de la Monta).<\/figcaption><\/figure><\/div>\n\n\n\n<p>Al 55 un gran servei de cantonada de Roger era rematat de cap per Trilla, impossible per al porter (1-2). I l&#8217;empat podria haver estat en les dues jugades seg\u00fcents, Montalb\u00e1n de cap va fer estirar-se al porter i Palomeque la va enviar a prop.<\/p>\n\n\n\n<p>La Monta\u00f1esa es defensava i intentava sortir al contraatac mentre la Grama tenia la pilota i buscava el gol de totes les maneres. Palomeque la va tornar a tenir al 70 i poc despr\u00e9s Cevallos fallava davant del porter.<\/p>\n\n\n\n<p>L&#8217;heroi va tornar a ser el dorsal 24, Mike Cevallos al 87 enviaria de cap la pilota al fons de la xarxa (2-2) despr\u00e9s d&#8217;un gran llan\u00e7ament de falta de Roger. La Grama va intentar arribar a l&#8217;\u00e0rea a la recerca de completar la remuntada per\u00f2 qui va tenir l&#8217;\u00faltima va ser Velillas per a la Monta, un xut de falta estavellat contra el travesser.<\/p>\n\n\n\n<p>FE Grama: Olmo (P), Jim\u00e9nez (Cevallos, 66&#8242;), Trilla, Juan Carlos (Antonicelli, 56&#8242;), Juste (Palomeque, 45&#8242;), Gimeno, Sosa (Guiteras, 45&#8242;), Roger, \u00c1ngel (Rolo, 45&#8242;), Marc i Montalb\u00e1n.<\/p>\n\n\n\n<p>CF Monta\u00f1esa: Eric (P), Murcia (Linares, 85&#8242;), Marc, Miguel (Joel, 75&#8242;), Moyano, Mar\u00e7al (Dimas, 63&#8242;), Pedro, Eric Ru\u00edz, Velillas, Suaibo (Mulero, 63&#8242;) i Favio (Izuchi, 75&#8242;).<\/p>\n\n\n\n<p>Gols: 0-1 Velillas, 10&#8242; \/ 0-2 Velillas, 26&#8242; \/ 1-2 Trilla, 55&#8242; \/ 2-2 Cevallos, 87&#8242;<\/p>\n\n\n\n<p>\u00c1rbitro: \u00c1lex G\u00f3mez va amonestar a Sosa i Dimas, va expulsar a Moyano.<\/p>\n\n\n\n<div class=\"wp-block-image\"><figure class=\"aligncenter size-large\"><img loading=\"lazy\" decoding=\"async\" width=\"1024\" height=\"771\" src=\"https:\/\/fegrama.cat\/web\/wp-content\/uploads\/2022\/09\/IMG_20220925_114235-1024x771.jpg\" alt=\"\" class=\"wp-image-31158\" srcset=\"http:\/\/fegrama.cat\/web\/wp-content\/uploads\/2022\/09\/IMG_20220925_114235-1024x771.jpg 1024w, http:\/\/fegrama.cat\/web\/wp-content\/uploads\/2022\/09\/IMG_20220925_114235-300x226.jpg 300w, http:\/\/fegrama.cat\/web\/wp-content\/uploads\/2022\/09\/IMG_20220925_114235-768x578.jpg 768w, http:\/\/fegrama.cat\/web\/wp-content\/uploads\/2022\/09\/IMG_20220925_114235-1536x1157.jpg 1536w, http:\/\/fegrama.cat\/web\/wp-content\/uploads\/2022\/09\/IMG_20220925_114235-2048x1542.jpg 2048w\" sizes=\"auto, (max-width: 1024px) 100vw, 1024px\" \/><\/figure><\/div>\n\n\n\n<p>La Fundaci\u00f3 Esportiva Grama volvi\u00f3 a tirar de \u00e9pica para seguir invicta. La Monta\u00f1esa se puso dos goles por encima pero los azules rescataron un punto (2-2).<\/p>\n\n\n\n<p>Empezaron bien los locales con un chut cruzado de Marc a los cinco minutos pero muy pronto llegar\u00eda la artiller\u00eda visitante. Velillas en jugada personal con un chut raso y ajustado al palo desde la frontal marcaba el 0-1 a los 10 minutos.<\/p>\n\n\n\n<p>La Grama sigui\u00f3 su plan, teniendo la pelota y ocasiones. De volea Sosa estuvo a punto de sorprender al meta visitante que tuvo que volar para evitar el gol. La Monta\u00f1esa siempre bie ordenada sal\u00eda con transiciones r\u00e1pidas al ataque y as\u00ed lleg\u00f3 el 0-2.<\/p>\n\n\n\n<p>En el minuto 26 un centro medido al \u00e1rea era rematado de cabeza por Velillas para marcar el segundo. Los colomenses reaccionaron y rozaron el gol, primero Marc rozando el palo y poco despu\u00e9s Montalb\u00e1n.<\/p>\n\n\n\n<p>Lo intentaron hasta el descanso pero no llegaba nada, incluso la \u00faltima del primer tiempo la tuvo la Monta. Los de Manu Pel\u00e1ez fueron sin duda de menos a m\u00e1s y tras el paso por vestuarios se adue\u00f1aron del juego.<\/p>\n\n\n\n<p>En el 55 un gran servicio de esquina de Roger era rematado de cabeza por Trilla, imposible para el portero (1-2). Y el empate pudo estar en las dos jugadas siguientes, Montalb\u00e1n de cabeza hizo estirarse al portero y Palomeque la envi\u00f3 cerca.<\/p>\n\n\n\n<p>La Monta\u00f1esa se defend\u00eda e intentaba salir al contragolpe mientras la Grama ten\u00eda la pelota y buscaba el gol de todas las maneras. Palomeque la volvi\u00f3 a tener en el 70 y poco despu\u00e9s Cevallos fallaba delante del portero.<\/p>\n\n\n\n<p>El h\u00e9roe volvi\u00f3 a ser el dorsal 24, Mike Cevallos en el 87 enviar\u00eda de cabeza la pelota al fondo de la red (2-2) tras un gran lanzamiento de falta de Roger. La Grama intent\u00f3 llegar al \u00e1rea en busca de completar la remontada pero quien tuvo la \u00faltima fue Velillas para la Monta, un chut de falta estrellado contra el larguero.<\/p>\n","protected":false},"excerpt":{"rendered":"<p>La Fundaci\u00f3 Esportiva Grama va tornar a estirar d&#8217;\u00e8pica per seguir invicta. La Monta\u00f1esa es va posar dos gols per sobre, per\u00f2 els blaus van rescatar un punt (2-2). Van comen\u00e7ar b\u00e9 els locals amb un xut creuat de Marc als cinc minuts, per\u00f2 ben aviat arribaria l&#8217;artilleria visitant. Velillas en jugada personal amb un [&hellip;]<\/p>\n","protected":false},"author":1,"featured_media":31158,"comment_status":"closed","ping_status":"closed","sticky":false,"template":"","format":"standard","meta":{"footnotes":""},"categories":[5],"tags":[],"class_list":["post-31153","post","type-post","status-publish","format-standard","has-post-thumbnail","hentry","category-primer-equip"],"_links":{"self":[{"href":"http:\/\/fegrama.cat\/web\/wp-json\/wp\/v2\/posts\/31153","targetHints":{"allow":["GET"]}}],"collection":[{"href":"http:\/\/fegrama.cat\/web\/wp-json\/wp\/v2\/posts"}],"about":[{"href":"http:\/\/fegrama.cat\/web\/wp-json\/wp\/v2\/types\/post"}],"author":[{"embeddable":true,"href":"http:\/\/fegrama.cat\/web\/wp-json\/wp\/v2\/users\/1"}],"replies":[{"embeddable":true,"href":"http:\/\/fegrama.cat\/web\/wp-json\/wp\/v2\/comments?post=31153"}],"version-history":[{"count":4,"href":"http:\/\/fegrama.cat\/web\/wp-json\/wp\/v2\/posts\/31153\/revisions"}],"predecessor-version":[{"id":31160,"href":"http:\/\/fegrama.cat\/web\/wp-json\/wp\/v2\/posts\/31153\/revisions\/31160"}],"wp:featuredmedia":[{"embeddable":true,"href":"http:\/\/fegrama.cat\/web\/wp-json\/wp\/v2\/media\/31158"}],"wp:attachment":[{"href":"http:\/\/fegrama.cat\/web\/wp-json\/wp\/v2\/media?parent=31153"}],"wp:term":[{"taxonomy":"category","embeddable":true,"href":"http:\/\/fegrama.cat\/web\/wp-json\/wp\/v2\/categories?post=31153"},{"taxonomy":"post_tag","embeddable":true,"href":"http:\/\/fegrama.cat\/web\/wp-json\/wp\/v2\/tags?post=31153"}],"curies":[{"name":"wp","href":"https:\/\/api.w.org\/{rel}","templated":true}]}}