{"id":31145,"date":"2022-09-18T22:41:21","date_gmt":"2022-09-18T21:41:21","guid":{"rendered":"http:\/\/fegrama.cat\/web\/?p=31145"},"modified":"2022-09-18T22:41:22","modified_gmt":"2022-09-18T21:41:22","slug":"enorme-empat-contra-el-barca-2-2","status":"publish","type":"post","link":"http:\/\/fegrama.cat\/web\/enorme-empat-contra-el-barca-2-2\/","title":{"rendered":"Enorme empat contra el Bar\u00e7a (2-2)"},"content":{"rendered":"\n<p>El Juvenil A de la FE Grama va sumar un punt\u00e0s davant el FC Barcelona. 2-2 en un gran partit dels blaus, empatant despr\u00e9s d&#8217;anar 0-2 i davant del suport d&#8217;un Nou Municipal ple.<\/p>\n\n\n\n<div class=\"wp-block-image\"><figure class=\"aligncenter size-large\"><img loading=\"lazy\" decoding=\"async\" width=\"1024\" height=\"683\" src=\"https:\/\/fegrama.cat\/web\/wp-content\/uploads\/2022\/09\/IMG-20220918-WA0003.jpg\" alt=\"\" class=\"wp-image-31149\" srcset=\"http:\/\/fegrama.cat\/web\/wp-content\/uploads\/2022\/09\/IMG-20220918-WA0003.jpg 1024w, http:\/\/fegrama.cat\/web\/wp-content\/uploads\/2022\/09\/IMG-20220918-WA0003-300x200.jpg 300w, http:\/\/fegrama.cat\/web\/wp-content\/uploads\/2022\/09\/IMG-20220918-WA0003-768x512.jpg 768w\" sizes=\"auto, (max-width: 1024px) 100vw, 1024px\" \/><\/figure><\/div>\n\n\n\n<p>Gran sortida a la gespa, la Grama jugant a camp contrari i disputant-li la possessi\u00f3 al Bar\u00e7a. Un cop els visitants van aconseguir assentar-se sobre el camp van passar a ser dominadors i en una de les ocasions aconsegueixen obrir el marcador (20\u2032).<\/p>\n\n\n\n<p>Passada la mitja hora de joc els culers posaven el 0-2 en una fallada defensiva a pilota parada. La Grama no va desistir, b\u00e9 amb la pilota i arribant per fora amb diagonals a Bafode i 2 contra 1.<\/p>\n\n\n\n<p>Despr\u00e9s del descans la Grama va estar molt endollada. Al 47\u2032 el Bar\u00e7a evitava el gol colomenc sota pals i poc despr\u00e9s el porter evitava el gol. Era inevitable que arrib\u00e9s l&#8217;1-2 i en una bona pressi\u00f3 li va arribar la pilota a Mario que de primeres retallava dist\u00e0ncies al marcador (70&#8242;). Un gol\u00e0s.<\/p>\n\n\n\n<p>Dos minuts m\u00e9s tard, Osama va estar a punt d&#8217;empatar. La Grama va continuar prement a la recerca del merescut empat. Al 87\u2032 pilota a l&#8217;esquena de Mario i \u00cdker la creua per fer el definitiu 2-2.<\/p>\n\n\n\n<div class=\"wp-block-image\"><figure class=\"aligncenter size-large\"><img loading=\"lazy\" decoding=\"async\" width=\"1024\" height=\"683\" src=\"https:\/\/fegrama.cat\/web\/wp-content\/uploads\/2022\/09\/IMG-20220918-WA0034.jpg\" alt=\"\" class=\"wp-image-31150\" srcset=\"http:\/\/fegrama.cat\/web\/wp-content\/uploads\/2022\/09\/IMG-20220918-WA0034.jpg 1024w, http:\/\/fegrama.cat\/web\/wp-content\/uploads\/2022\/09\/IMG-20220918-WA0034-300x200.jpg 300w, http:\/\/fegrama.cat\/web\/wp-content\/uploads\/2022\/09\/IMG-20220918-WA0034-768x512.jpg 768w\" sizes=\"auto, (max-width: 1024px) 100vw, 1024px\" \/><\/figure><\/div>\n\n\n\n<p>El Juvenil A de la FE Grama sum\u00f3 un puntazo ante el FC Barcelona. 2-2 en un gran partido de los azules, empatando tras ir 0-2 y ante el apoyo de un Nou Municipal lleno.<\/p>\n\n\n\n<p>Gran salida al c\u00e9sped, la Grama jugando en campo contrario y disput\u00e1ndole la posesi\u00f3n al Bar\u00e7a. Una vez los visitantes logran asentarse sobre el campo pasan a ser dominadores y en una de sus ocasiones logran abrir el marcador (20&#8242;).<\/p>\n\n\n\n<p>Pasada la media hora de juego los cul\u00e9s pon\u00edan el 0-2 en un fallo defensivo a bal\u00f3n parado. La Grama no desisti\u00f3, bien con el bal\u00f3n y llegando por fuera con diagonales a Bafode y 2 contra 1.<\/p>\n\n\n\n<p>Tras el descanso la Grama estuvo muy enchufada. En el 47&#8242; el Bar\u00e7a evitaba el gol colomense bajo palos y poco despu\u00e9s el portero evitaba el gol. Era inevitable que llegara el 1-2 y en una buena presi\u00f3n le lleg\u00f3 el bal\u00f3n a Mario que de primeras recortaba distancias en el marcador (70&#8242;). Un golazo.<\/p>\n\n\n\n<p>Dos minutos m\u00e1s tarde Osama estuvo a punto de empatar. La Grama sigui\u00f3 apretando en busca del merecido empate. En el 87&#8242; bal\u00f3n a la espalda de Mario e \u00cdker la cruza para hacer el definitivo 2-2.<\/p>\n","protected":false},"excerpt":{"rendered":"<p>El Juvenil A de la FE Grama va sumar un punt\u00e0s davant el FC Barcelona. 2-2 en un gran partit dels blaus, empatant despr\u00e9s d&#8217;anar 0-2 i davant del suport d&#8217;un Nou Municipal ple. Gran sortida a la gespa, la Grama jugant a camp contrari i disputant-li la possessi\u00f3 al Bar\u00e7a. Un cop els visitants [&hellip;]<\/p>\n","protected":false},"author":1,"featured_media":31150,"comment_status":"closed","ping_status":"closed","sticky":false,"template":"","format":"standard","meta":{"footnotes":""},"categories":[4,6],"tags":[],"class_list":["post-31145","post","type-post","status-publish","format-standard","has-post-thumbnail","hentry","category-base-inclusiu","category-juvenils"],"_links":{"self":[{"href":"http:\/\/fegrama.cat\/web\/wp-json\/wp\/v2\/posts\/31145","targetHints":{"allow":["GET"]}}],"collection":[{"href":"http:\/\/fegrama.cat\/web\/wp-json\/wp\/v2\/posts"}],"about":[{"href":"http:\/\/fegrama.cat\/web\/wp-json\/wp\/v2\/types\/post"}],"author":[{"embeddable":true,"href":"http:\/\/fegrama.cat\/web\/wp-json\/wp\/v2\/users\/1"}],"replies":[{"embeddable":true,"href":"http:\/\/fegrama.cat\/web\/wp-json\/wp\/v2\/comments?post=31145"}],"version-history":[{"count":3,"href":"http:\/\/fegrama.cat\/web\/wp-json\/wp\/v2\/posts\/31145\/revisions"}],"predecessor-version":[{"id":31151,"href":"http:\/\/fegrama.cat\/web\/wp-json\/wp\/v2\/posts\/31145\/revisions\/31151"}],"wp:featuredmedia":[{"embeddable":true,"href":"http:\/\/fegrama.cat\/web\/wp-json\/wp\/v2\/media\/31150"}],"wp:attachment":[{"href":"http:\/\/fegrama.cat\/web\/wp-json\/wp\/v2\/media?parent=31145"}],"wp:term":[{"taxonomy":"category","embeddable":true,"href":"http:\/\/fegrama.cat\/web\/wp-json\/wp\/v2\/categories?post=31145"},{"taxonomy":"post_tag","embeddable":true,"href":"http:\/\/fegrama.cat\/web\/wp-json\/wp\/v2\/tags?post=31145"}],"curies":[{"name":"wp","href":"https:\/\/api.w.org\/{rel}","templated":true}]}}