{"id":31133,"date":"2022-09-18T21:48:18","date_gmt":"2022-09-18T20:48:18","guid":{"rendered":"http:\/\/fegrama.cat\/web\/?p=31133"},"modified":"2022-09-18T21:48:19","modified_gmt":"2022-09-18T20:48:19","slug":"remuntada-epica-al-xevi-ramon-1-2","status":"publish","type":"post","link":"http:\/\/fegrama.cat\/web\/remuntada-epica-al-xevi-ramon-1-2\/","title":{"rendered":"Remuntada \u00e8pica al Xevi Ramon (1-2)"},"content":{"rendered":"\n<p>La Fundaci\u00f3 Esportiva Grama va sumar la primera vict\u00f2ria de la temporada. Una remuntada \u00e8pica, 1-2, davant de la UE Vilassar de Mar.<\/p>\n\n\n\n<p>Primer quart d&#8217;hora on la Grama va tenir el control de la pilota per\u00f2 no va trobar buits a l&#8217;ordenada defensa local. El Vilassar va esperar enrere per sortir al contraatac.<\/p>\n\n\n\n<p>Hi va haver molt poques oportunitats al primer temps per\u00f2 les millors van ser per als locals. Va avisar de cap Poves amb tot a favor i quatre minuts despr\u00e9s (44\u2032) Cano de cap avan\u00e7ava el Vilassar.<\/p>\n\n\n\n<div class=\"wp-block-image\"><figure class=\"aligncenter size-large\"><img loading=\"lazy\" decoding=\"async\" width=\"1024\" height=\"683\" src=\"https:\/\/fegrama.cat\/web\/wp-content\/uploads\/2022\/09\/IMG-20220918-WA0022.jpg\" alt=\"\" class=\"wp-image-31141\" srcset=\"http:\/\/fegrama.cat\/web\/wp-content\/uploads\/2022\/09\/IMG-20220918-WA0022.jpg 1024w, http:\/\/fegrama.cat\/web\/wp-content\/uploads\/2022\/09\/IMG-20220918-WA0022-300x200.jpg 300w, http:\/\/fegrama.cat\/web\/wp-content\/uploads\/2022\/09\/IMG-20220918-WA0022-768x512.jpg 768w\" sizes=\"auto, (max-width: 1024px) 100vw, 1024px\" \/><\/figure><\/div>\n\n\n\n<p>Amb 1-0 es va arribar al descans i la Grama va haver de buscar l&#8217;\u00e8pica. Els de Manu Pel\u00e1ez novament van tenir el control de la pilota i aquesta vegada van fer molt de mal per bandes amb els atacs de Palomeque, \u00c1ngel, Jim\u00e9nez, Marc i Rolo.<\/p>\n\n\n\n<p>Els locals van tenir el segon per\u00f2 era la Grama qui m\u00e9s a prop estava del gol. Juste i Trilla van formar una parella de centrals sense fissures. Al 72 una gran jugada per la dreta d&#8217;\u00c1ngel acabaria en gol de Montalb\u00e1n, centre mesurat del 7 i remat exquisit de cap del 9.<\/p>\n\n\n\n<p>Els colomencs van pujar l\u00ednies, van seguir buscant el gol i al 89 va arribar l&#8217;1-2. Guiteras va rebre de Juste i va enviar una pilota en profunditat perqu\u00e8 Cevallos de primeres fes el segon. 20 segons anava sobre el camp l&#8217;abans.<\/p>\n\n\n\n<div class=\"wp-block-image\"><figure class=\"aligncenter size-large\"><img loading=\"lazy\" decoding=\"async\" width=\"1024\" height=\"683\" src=\"https:\/\/fegrama.cat\/web\/wp-content\/uploads\/2022\/09\/IMG-20220918-WA0021-1.jpg\" alt=\"\" class=\"wp-image-31142\" srcset=\"http:\/\/fegrama.cat\/web\/wp-content\/uploads\/2022\/09\/IMG-20220918-WA0021-1.jpg 1024w, http:\/\/fegrama.cat\/web\/wp-content\/uploads\/2022\/09\/IMG-20220918-WA0021-1-300x200.jpg 300w, http:\/\/fegrama.cat\/web\/wp-content\/uploads\/2022\/09\/IMG-20220918-WA0021-1-768x512.jpg 768w\" sizes=\"auto, (max-width: 1024px) 100vw, 1024px\" \/><\/figure><\/div>\n\n\n\n<p>A l&#8217;afegit el Vilassar va buscar penjar pilotes a l&#8217;\u00e0rea i va tenir l&#8217;empat. Marcos Olmo va apar\u00e8ixer com a heroi fent una extraordin\u00e0ria parada despr\u00e9s d&#8217;una rematada avall en un c\u00f3rner.<\/p>\n\n\n\n<p><strong>UE Vilassar:<\/strong> Andr\u00e9s (P), Eric Ru\u00edz, Robust\u00e9, Roig (Eric L\u00f3pez, 81&#8242;), Cano (Paredes, 70&#8242;), Poves (Roger Garc\u00eda, 67&#8242;), Gonzalo (Carlos, 81&#8242;), Jandro, Esteve, Marc R\u00edo (\u00d1ito, 67&#8242;) i Alberto.<\/p>\n\n\n\n<p><strong>FE Grama:<\/strong> Olmo (P), Palomeque, Trilla, Juste (Rolo, 75&#8242;), Jim\u00e9nez, Gimeno, Escarrabill (Guiteras, 57&#8242;), \u00c1ngel, Sosa (Marc Rodr\u00edguez, 57&#8242;), Gual (Antonicelli, 75&#8242;) i Montalb\u00e1n (Cevallos, 89&#8242;).<\/p>\n\n\n\n<p><strong>Gols:<\/strong> 1-0 Cano (44&#8242;), 1-1 Montalb\u00e1n (72&#8242;), 1-2 Cevallos (89&#8242;)<\/p>\n\n\n\n<p><strong>\u00c0rbitre: <\/strong>Rafael Aguilar. Va treure la groga als locals Robust\u00e9 i Esteve, i als visitants \u00c1ngel i Guiteras.<\/p>\n\n\n\n<div class=\"wp-block-image\"><figure class=\"aligncenter size-large\"><img loading=\"lazy\" decoding=\"async\" width=\"1024\" height=\"683\" src=\"https:\/\/fegrama.cat\/web\/wp-content\/uploads\/2022\/09\/IMG-20220918-WA0015.jpg\" alt=\"\" class=\"wp-image-31139\" srcset=\"http:\/\/fegrama.cat\/web\/wp-content\/uploads\/2022\/09\/IMG-20220918-WA0015.jpg 1024w, http:\/\/fegrama.cat\/web\/wp-content\/uploads\/2022\/09\/IMG-20220918-WA0015-300x200.jpg 300w, http:\/\/fegrama.cat\/web\/wp-content\/uploads\/2022\/09\/IMG-20220918-WA0015-768x512.jpg 768w\" sizes=\"auto, (max-width: 1024px) 100vw, 1024px\" \/><\/figure><\/div>\n\n\n\n<p>La Fundaci\u00f3 Esportiva Grama sum\u00f3 la primera victoria de la temporada. Una remontada \u00e9pica, 1-2, ante la UE Vilassar de Mar.<\/p>\n\n\n\n<p>Primer cuarto de hora donde la Grama tuvo el control del bal\u00f3n pero no encontr\u00f3 huecos en la ordenada defensa local. El Vilassar esper\u00f3 atr\u00e1s para salir al contragolpe.<\/p>\n\n\n\n<p>Hubo muy pocas oportunidades en el primer tiempo pero las mejores fueron para los locales. Avis\u00f3 de cabeza Poves con todo a favor y cuatro minutos despu\u00e9s (44&#8242;) Cano de cabeza adelantaba al Vilassar.<\/p>\n\n\n\n<p>Con 1-0 se lleg\u00f3 al descanso y la Grama tuvo que buscar la \u00e9pica. Los de Manu Pel\u00e1ez nuevamente tuvieron el control de la pelota y esta vez hicieron mucho da\u00f1o por bandas con los ataques de Palomeque, \u00c1ngel, Jim\u00e9nez, Marc y Rolo.<\/p>\n\n\n\n<p>Los locales tuvieron el segundo pero era la Grama quien m\u00e1s cerca estaba del gol. Juste y Trilla formaron una pareja de centrales sin fisuras. En el 72 una gran jugada por la derecha de \u00c1ngel acabar\u00eda en gol de Montalb\u00e1n, centro medido del 7 y remate exquisito de cabeza del 9.<\/p>\n\n\n\n<p>Los colomenses subieron l\u00edneas, siguieron buscando el gol y en el 89 lleg\u00f3 el 1-2. Guiteras recibi\u00f3 de Juste y envi\u00f3 un bal\u00f3n en profundidad para que Cevallos de primeras hiciera el segundo. 20 segundos llevaba sobre el campo el delantero.<\/p>\n\n\n\n<p>En el a\u00f1adido el Vilassar busc\u00f3 colgar balones al \u00e1rea y tuvo el empate. Marcos Olmo apareci\u00f3 como h\u00e9roe realizando una extraordinaria parada tras un remate abajo en un c\u00f3rner.<\/p>\n","protected":false},"excerpt":{"rendered":"<p>La Fundaci\u00f3 Esportiva Grama va sumar la primera vict\u00f2ria de la temporada. Una remuntada \u00e8pica, 1-2, davant de la UE Vilassar de Mar. Primer quart d&#8217;hora on la Grama va tenir el control de la pilota per\u00f2 no va trobar buits a l&#8217;ordenada defensa local. El Vilassar va esperar enrere per sortir al contraatac. Hi [&hellip;]<\/p>\n","protected":false},"author":1,"featured_media":31139,"comment_status":"closed","ping_status":"closed","sticky":false,"template":"","format":"standard","meta":{"footnotes":""},"categories":[5],"tags":[],"class_list":["post-31133","post","type-post","status-publish","format-standard","has-post-thumbnail","hentry","category-primer-equip"],"_links":{"self":[{"href":"http:\/\/fegrama.cat\/web\/wp-json\/wp\/v2\/posts\/31133","targetHints":{"allow":["GET"]}}],"collection":[{"href":"http:\/\/fegrama.cat\/web\/wp-json\/wp\/v2\/posts"}],"about":[{"href":"http:\/\/fegrama.cat\/web\/wp-json\/wp\/v2\/types\/post"}],"author":[{"embeddable":true,"href":"http:\/\/fegrama.cat\/web\/wp-json\/wp\/v2\/users\/1"}],"replies":[{"embeddable":true,"href":"http:\/\/fegrama.cat\/web\/wp-json\/wp\/v2\/comments?post=31133"}],"version-history":[{"count":7,"href":"http:\/\/fegrama.cat\/web\/wp-json\/wp\/v2\/posts\/31133\/revisions"}],"predecessor-version":[{"id":31144,"href":"http:\/\/fegrama.cat\/web\/wp-json\/wp\/v2\/posts\/31133\/revisions\/31144"}],"wp:featuredmedia":[{"embeddable":true,"href":"http:\/\/fegrama.cat\/web\/wp-json\/wp\/v2\/media\/31139"}],"wp:attachment":[{"href":"http:\/\/fegrama.cat\/web\/wp-json\/wp\/v2\/media?parent=31133"}],"wp:term":[{"taxonomy":"category","embeddable":true,"href":"http:\/\/fegrama.cat\/web\/wp-json\/wp\/v2\/categories?post=31133"},{"taxonomy":"post_tag","embeddable":true,"href":"http:\/\/fegrama.cat\/web\/wp-json\/wp\/v2\/tags?post=31133"}],"curies":[{"name":"wp","href":"https:\/\/api.w.org\/{rel}","templated":true}]}}