{"id":31129,"date":"2022-09-12T10:36:34","date_gmt":"2022-09-12T09:36:34","guid":{"rendered":"http:\/\/fegrama.cat\/web\/?p=31129"},"modified":"2022-09-12T10:36:35","modified_gmt":"2022-09-12T09:36:35","slug":"dura-derrota-a-la-primera-sortida-4-1","status":"publish","type":"post","link":"http:\/\/fegrama.cat\/web\/dura-derrota-a-la-primera-sortida-4-1\/","title":{"rendered":"Dura derrota a la primera sortida (4-1)"},"content":{"rendered":"\n<p>El Juvenil A va caure derrotat a la seva primera sortida de la temporada. 4-1 davant la SD Huesca a la segona jornada de Divisi\u00f3 d&#8217;Honor.<\/p>\n\n\n\n<p>A la primera meitat els colomencs van pecar de no posar pausa a la pilota, molt precipitats en els atacs. En els duels individuals el Huesca va mostrar el seu poder f\u00edsic i tamb\u00e9 va aconseguir imposar-se amb dos gols abans d&#8217;arribar al descans (2-0).<\/p>\n\n\n\n<p>Christian Rueda va realitzar dos canvis per a la represa i la Grama va saltar amb una altra actitud, i tenint la pilota. Al minut 47 Izan retallava dist\u00e0ncies al marcador, i tres minuts m\u00e9s tard estavellava la pilota al travesser despr\u00e9s d&#8217;un xut lluny\u00e0.<\/p>\n\n\n\n<p>Tenint la pilota la Grama i dominant arribarien dues p\u00e8rdues de pilota que van condemnar l&#8217;equip (4-1). Els colomencs van tenir ocasions per\u00f2 el marcador no es mouria m\u00e9s.<\/p>\n\n\n\n<div class=\"wp-block-image\"><figure class=\"aligncenter size-large\"><img loading=\"lazy\" decoding=\"async\" width=\"1024\" height=\"575\" src=\"https:\/\/fegrama.cat\/web\/wp-content\/uploads\/2022\/09\/IMG-20220910-WA0009-1024x575.jpg\" alt=\"\" class=\"wp-image-31131\" srcset=\"http:\/\/fegrama.cat\/web\/wp-content\/uploads\/2022\/09\/IMG-20220910-WA0009-1024x575.jpg 1024w, http:\/\/fegrama.cat\/web\/wp-content\/uploads\/2022\/09\/IMG-20220910-WA0009-300x168.jpg 300w, http:\/\/fegrama.cat\/web\/wp-content\/uploads\/2022\/09\/IMG-20220910-WA0009-768x431.jpg 768w, http:\/\/fegrama.cat\/web\/wp-content\/uploads\/2022\/09\/IMG-20220910-WA0009-1536x862.jpg 1536w, http:\/\/fegrama.cat\/web\/wp-content\/uploads\/2022\/09\/IMG-20220910-WA0009.jpg 1600w\" sizes=\"auto, (max-width: 1024px) 100vw, 1024px\" \/><\/figure><\/div>\n\n\n\n<p>El Juvenil A cay\u00f3 derrotado en su primera salida de la temporada. 4-1 ante la SD Huesca en la segunda jornada de Divisi\u00f3n de Honor.<\/p>\n\n\n\n<p>En la primera mitad los colomenses pecaron de no poner pausa a la pelota, muy precipitados en los ataques. En los duelos individuales el Huesca mostr\u00f3 su poder f\u00edsico, logrando tambi\u00e9n imponerse con dos goles antes de llegar al descanso (2-0).<\/p>\n\n\n\n<p>Christian Rueda realiz\u00f3 dos cambios para la reanudaci\u00f3n y la Grama salt\u00f3 con otra actitud, y teniendo la pelota. En el minuto 47 Izan recortaba distancias en el marcador, y tres minutos m\u00e1s tarde estrellaba la pelota en el larguero tras un chute lejano.<\/p>\n\n\n\n<p>Teniendo la pelota la Grama y dominando llegar\u00edan dos p\u00e9rdidas de bal\u00f3n que condenaron al equipo (4-1). Los colomenses tuvieron ocasiones pero el marcador no se mover\u00eda m\u00e1s.<\/p>\n","protected":false},"excerpt":{"rendered":"<p>El Juvenil A va caure derrotat a la seva primera sortida de la temporada. 4-1 davant la SD Huesca a la segona jornada de Divisi\u00f3 d&#8217;Honor. A la primera meitat els colomencs van pecar de no posar pausa a la pilota, molt precipitats en els atacs. En els duels individuals el Huesca va mostrar el [&hellip;]<\/p>\n","protected":false},"author":1,"featured_media":31131,"comment_status":"closed","ping_status":"closed","sticky":false,"template":"","format":"standard","meta":{"footnotes":""},"categories":[4,6],"tags":[],"class_list":["post-31129","post","type-post","status-publish","format-standard","has-post-thumbnail","hentry","category-base-inclusiu","category-juvenils"],"_links":{"self":[{"href":"http:\/\/fegrama.cat\/web\/wp-json\/wp\/v2\/posts\/31129","targetHints":{"allow":["GET"]}}],"collection":[{"href":"http:\/\/fegrama.cat\/web\/wp-json\/wp\/v2\/posts"}],"about":[{"href":"http:\/\/fegrama.cat\/web\/wp-json\/wp\/v2\/types\/post"}],"author":[{"embeddable":true,"href":"http:\/\/fegrama.cat\/web\/wp-json\/wp\/v2\/users\/1"}],"replies":[{"embeddable":true,"href":"http:\/\/fegrama.cat\/web\/wp-json\/wp\/v2\/comments?post=31129"}],"version-history":[{"count":2,"href":"http:\/\/fegrama.cat\/web\/wp-json\/wp\/v2\/posts\/31129\/revisions"}],"predecessor-version":[{"id":31132,"href":"http:\/\/fegrama.cat\/web\/wp-json\/wp\/v2\/posts\/31129\/revisions\/31132"}],"wp:featuredmedia":[{"embeddable":true,"href":"http:\/\/fegrama.cat\/web\/wp-json\/wp\/v2\/media\/31131"}],"wp:attachment":[{"href":"http:\/\/fegrama.cat\/web\/wp-json\/wp\/v2\/media?parent=31129"}],"wp:term":[{"taxonomy":"category","embeddable":true,"href":"http:\/\/fegrama.cat\/web\/wp-json\/wp\/v2\/categories?post=31129"},{"taxonomy":"post_tag","embeddable":true,"href":"http:\/\/fegrama.cat\/web\/wp-json\/wp\/v2\/tags?post=31129"}],"curies":[{"name":"wp","href":"https:\/\/api.w.org\/{rel}","templated":true}]}}