{"id":31118,"date":"2022-09-11T21:57:34","date_gmt":"2022-09-11T20:57:34","guid":{"rendered":"http:\/\/fegrama.cat\/web\/?p=31118"},"modified":"2022-09-11T21:57:35","modified_gmt":"2022-09-11T20:57:35","slug":"bon-punt-a-casa-per-comencar-1-1","status":"publish","type":"post","link":"http:\/\/fegrama.cat\/web\/bon-punt-a-casa-per-comencar-1-1\/","title":{"rendered":"Bon punt a casa per comen\u00e7ar (1-1)"},"content":{"rendered":"\n<p>La Fundaci\u00f3 Esportiva Grama va mer\u00e8ixer m\u00e9s a la primera jornada de lliga per\u00f2 va haver de conformar-se amb un empat (1-1) davant el CE L\u2019Hospitalet. Els de Manu Pel\u00e1ez van ser millors i van deixar grans sensacions. Abans del xiulet inicial es va celebrar un minut de silenci en honor a Sergio M\u00e1s Navarro, referent fot\u00f2graf de Santa Coloma.<\/p>\n\n\n\n<div class=\"wp-block-image\"><figure class=\"aligncenter size-large\"><img loading=\"lazy\" decoding=\"async\" width=\"1024\" height=\"683\" src=\"https:\/\/fegrama.cat\/web\/wp-content\/uploads\/2022\/09\/IMG-20220911-WA0072.jpg\" alt=\"\" class=\"wp-image-31125\" srcset=\"http:\/\/fegrama.cat\/web\/wp-content\/uploads\/2022\/09\/IMG-20220911-WA0072.jpg 1024w, http:\/\/fegrama.cat\/web\/wp-content\/uploads\/2022\/09\/IMG-20220911-WA0072-300x200.jpg 300w, http:\/\/fegrama.cat\/web\/wp-content\/uploads\/2022\/09\/IMG-20220911-WA0072-768x512.jpg 768w\" sizes=\"auto, (max-width: 1024px) 100vw, 1024px\" \/><figcaption>Pese a la expulsi\u00f3n Marcos Salau, portero del Juvenil A, realiz\u00f3 un brillante debut.<\/figcaption><\/figure><\/div>\n\n\n\n<p>Primera meitat en qu\u00e8 els colomencs no van concedir cap ocasi\u00f3 al rival. La Grama va fer un bon joc i va tenir ocasions per obrir la llauna. Als 10 minuts Juan Carlos en un c\u00f3rner enviava la pilota desviada i dos m\u00e9s tard havia de sortir del terreny de joc per lesi\u00f3, ocupant el seu lloc Antonicelli.<\/p>\n\n\n\n<p>Poc despr\u00e9s una gran jugada de Palomeque i \u00c1ngel va acabar en centre rematat de cap per Sosa i la intervenci\u00f3 del porter. El partit es va anar animant m\u00e9s, amb l&#8217;Hospi intentant arribar amb centres sense trobar rematador davant una f\u00e8rria defensa blava. Abans del descans Gual de falta directa quasi sorpr\u00e8n el meta visitant i els visitants van enviar un xut als n\u00favols.<\/p>\n\n\n\n<p>Despr\u00e9s del descans Manu Pel\u00e1ez faria dos canvis donant entrada a Guiteras i Rolo. La Grama va saltar molt activa buscant el primer, avisant amb dos atacs, a l&#8217;\u00faltim Montalb\u00e1n topava amb el porter. I al minut 47 arribaria l&#8217;1-0. \u00c1ngel amb un xut ras i potent des de fora de l&#8217;\u00e0rea va fer estirar-se el porter rival i Montalb\u00e1n molt atent va recollir el rebuig per avan\u00e7ar els seus.<\/p>\n\n\n\n<div class=\"wp-block-image\"><figure class=\"aligncenter size-large\"><img loading=\"lazy\" decoding=\"async\" width=\"1024\" height=\"683\" src=\"https:\/\/fegrama.cat\/web\/wp-content\/uploads\/2022\/09\/IMG-20220911-WA0075.jpg\" alt=\"\" class=\"wp-image-31126\" srcset=\"http:\/\/fegrama.cat\/web\/wp-content\/uploads\/2022\/09\/IMG-20220911-WA0075.jpg 1024w, http:\/\/fegrama.cat\/web\/wp-content\/uploads\/2022\/09\/IMG-20220911-WA0075-300x200.jpg 300w, http:\/\/fegrama.cat\/web\/wp-content\/uploads\/2022\/09\/IMG-20220911-WA0075-768x512.jpg 768w\" sizes=\"auto, (max-width: 1024px) 100vw, 1024px\" \/><\/figure><\/div>\n\n\n\n<p>Dos minuts m\u00e9s tard un altre cop Montalb\u00e1n, aquesta vegada d&#8217;esquena a porteria provava de cap. Al 55\u2032 de nou el t\u00e8cnic colomenc es veia obligat a fer un canvi per lesi\u00f3, debutant Marc Rodr\u00edguez pel lesionat Escarrabill.<\/p>\n\n\n\n<p>Tot i que la Grama estava sent millor i feia sensaci\u00f3 que arribaria el segon l&#8217;Hospitalet va sorprendre. Primer van enviar una pilota al pal i al 69\u2032 de falta directa Canario colava la pilota a l&#8217;escaire. D&#8217;aqu\u00ed al final partit m\u00e9s obert amb tots dos equips buscant el gol, i amb alguna ocasi\u00f3 destacada.<\/p>\n\n\n\n<p>Una bona parada de Sarau al 77\u2032 i un xut de Gimeno fregant el pal al 86\u2032. Ja en el temps extra Marcos Salau, debutant sent juvenil, era expulsat amb vermella directa despr\u00e9s de fer caure el davanter rival fora de l&#8217;\u00e0rea. Amb un de menys i sense canvis Trilla va haver de posar-se de porter per\u00f2 la Grama no va patir.<\/p>\n\n\n\n<p><strong>FE Grama: Salau (P), Juan Carlos (Antonicelli, 12&#8242;), Palomeque, Trilla, Gimeno, \u00c1ngel (Hamza, 86&#8242;), Montalb\u00e1n, Escarrabill (Marc Rodr\u00edguez, 55&#8242;), Jim\u00e9nez (Rolo, 45&#8242;), Sosa i Gual (Guiteras, 45&#8242;).<\/strong><\/p>\n\n\n\n<p><strong>CE L&#8217;Hospitalet: Aliaga (P), Rubi, Pedraza (Sehou, 58&#8242;), G\u00f3mez, Ra\u00fal, Ripoll, Albert (Canario, 65&#8242;), \u00d3scar (Parra, 58&#8242;), Lobato, Alex i One.<\/strong><\/p>\n\n\n\n<p><strong>Gols:  1-0 \u00c1lex Montalb\u00e1n, 47&#8242; \/ 1-1 Canario, 69&#8242;.<\/strong><\/p>\n\n\n\n<p><strong>\u00c1rbitre: Oscar Carballo (Barcelona), va amonestar a Gual, Antonicelli, One i Pedraza, i va expulsar a Salau. <\/strong><\/p>\n\n\n\n<div class=\"wp-block-image\"><figure class=\"aligncenter size-large\"><img loading=\"lazy\" decoding=\"async\" width=\"1024\" height=\"682\" src=\"https:\/\/fegrama.cat\/web\/wp-content\/uploads\/2022\/09\/IMG-20220911-WA0064.jpg\" alt=\"\" class=\"wp-image-31127\" srcset=\"http:\/\/fegrama.cat\/web\/wp-content\/uploads\/2022\/09\/IMG-20220911-WA0064.jpg 1024w, http:\/\/fegrama.cat\/web\/wp-content\/uploads\/2022\/09\/IMG-20220911-WA0064-300x200.jpg 300w, http:\/\/fegrama.cat\/web\/wp-content\/uploads\/2022\/09\/IMG-20220911-WA0064-768x512.jpg 768w\" sizes=\"auto, (max-width: 1024px) 100vw, 1024px\" \/><\/figure><\/div>\n\n\n\n<p>La Fundaci\u00f3 Esportiva Grama mereci\u00f3 m\u00e1s en la primera jornada de liga pero tuvo que conformarse con un empate (1-1) ante el CE L&#8217;Hospitalet. Los de Manu Pel\u00e1ez fueron mejores y dejaron grandes sensaciones. Antes del pitido inicial se celebr\u00f3 un minuto de silencio en honor a Sergio M\u00e1s Navarro, referente fot\u00f3grafo de Santa Coloma.<\/p>\n\n\n\n<p>Primera mitad en la que los colomenses no concedieron ninguna ocasi\u00f3n a su rival. La Grama realiz\u00f3 un buen juego y tuvo ocasiones para abrir la lata. A los 10 minutos Juan Carlos en un c\u00f3rner enviaba la pelota desviada y dos m\u00e1s tarde ten\u00eda que salir del terreno de juego por lesi\u00f3n, ocupando su puesto Antonicelli. <\/p>\n\n\n\n<p>Poco despu\u00e9s una gran jugada de Palomeque y \u00c1ngel termin\u00f3 en centro rematado de cabeza por Sosa y la intervenci\u00f3n del portero. El partido fue anim\u00e1ndose m\u00e1s, con el Hospi intentando llegar con centros sin encontrar rematador ante una f\u00e9rrea defensa azulona. Antes del descanso Gual de falta directa casi sorprende al meta visitante y los visitantes enviaron un chut a las nubes.<\/p>\n\n\n\n<p>Tras el descanso Manu Pel\u00e1ez realizar\u00eda dos cambios dando entrada a Guiteras y Rolo. La Grama salt\u00f3 muy activa buscando el primero, avisando con dos ataques, en el \u00faltimo Montalb\u00e1n se topaba con el portero. Y en el minuto 47 llegar\u00eda el 1-0. \u00c1ngel con un chut raso y potente desde fuera del \u00e1rea hizo estirarse al portero rival y Montalb\u00e1n muy atento recogi\u00f3 el rechace para adelantar a los suyos.<\/p>\n\n\n\n<p>Dos minutos m\u00e1s tarde de nuevo Montalb\u00e1n, esta vez de espaldas a porter\u00eda probaba de cabeza. En el 55&#8242; de nuevo el t\u00e9cnico colomense se ve\u00eda obligado a realizar un cambio por lesi\u00f3n, debutando Marc Rodr\u00edguez por el lesionado Escarrabill. <\/p>\n\n\n\n<p>A pesar de que la Grama estaba siendo mejor y daba sensaci\u00f3n de que llegar\u00eda el segundo el Hospitalet sorprendi\u00f3. Primero enviaron un bal\u00f3n al poste y en el 69&#8242; de falta directa Canario colaba la pelota en la escuadra. De aqu\u00ed al final partido m\u00e1s abierto con los dos equipos buscando el gol, y con alguna ocasi\u00f3n destacada. <\/p>\n\n\n\n<p>Una buena parada de Sarau en el 77&#8242; y un disparo de Gimeno rozando el palo en el 86&#8242;. Ya en el tiempo extra Marcos Salau, debutando siendo juvenil, era expulsado con roja directa tras derribar al delantero rival fuera del \u00e1rea. Con uno menos y sin cambios Trilla tuvo que ponerse de portero pero la Grama no sufri\u00f3.<\/p>\n","protected":false},"excerpt":{"rendered":"<p>La Fundaci\u00f3 Esportiva Grama va mer\u00e8ixer m\u00e9s a la primera jornada de lliga per\u00f2 va haver de conformar-se amb un empat (1-1) davant el CE L\u2019Hospitalet. Els de Manu Pel\u00e1ez van ser millors i van deixar grans sensacions. Abans del xiulet inicial es va celebrar un minut de silenci en honor a Sergio M\u00e1s Navarro, [&hellip;]<\/p>\n","protected":false},"author":1,"featured_media":31126,"comment_status":"closed","ping_status":"closed","sticky":false,"template":"","format":"standard","meta":{"footnotes":""},"categories":[5],"tags":[],"class_list":["post-31118","post","type-post","status-publish","format-standard","has-post-thumbnail","hentry","category-primer-equip"],"_links":{"self":[{"href":"http:\/\/fegrama.cat\/web\/wp-json\/wp\/v2\/posts\/31118","targetHints":{"allow":["GET"]}}],"collection":[{"href":"http:\/\/fegrama.cat\/web\/wp-json\/wp\/v2\/posts"}],"about":[{"href":"http:\/\/fegrama.cat\/web\/wp-json\/wp\/v2\/types\/post"}],"author":[{"embeddable":true,"href":"http:\/\/fegrama.cat\/web\/wp-json\/wp\/v2\/users\/1"}],"replies":[{"embeddable":true,"href":"http:\/\/fegrama.cat\/web\/wp-json\/wp\/v2\/comments?post=31118"}],"version-history":[{"count":6,"href":"http:\/\/fegrama.cat\/web\/wp-json\/wp\/v2\/posts\/31118\/revisions"}],"predecessor-version":[{"id":31128,"href":"http:\/\/fegrama.cat\/web\/wp-json\/wp\/v2\/posts\/31118\/revisions\/31128"}],"wp:featuredmedia":[{"embeddable":true,"href":"http:\/\/fegrama.cat\/web\/wp-json\/wp\/v2\/media\/31126"}],"wp:attachment":[{"href":"http:\/\/fegrama.cat\/web\/wp-json\/wp\/v2\/media?parent=31118"}],"wp:term":[{"taxonomy":"category","embeddable":true,"href":"http:\/\/fegrama.cat\/web\/wp-json\/wp\/v2\/categories?post=31118"},{"taxonomy":"post_tag","embeddable":true,"href":"http:\/\/fegrama.cat\/web\/wp-json\/wp\/v2\/tags?post=31118"}],"curies":[{"name":"wp","href":"https:\/\/api.w.org\/{rel}","templated":true}]}}