{"id":31111,"date":"2022-09-04T22:06:33","date_gmt":"2022-09-04T21:06:33","guid":{"rendered":"http:\/\/fegrama.cat\/web\/?p=31111"},"modified":"2022-09-04T22:06:35","modified_gmt":"2022-09-04T21:06:35","slug":"primer-punt-a-la-divisio-dhonor-1-1","status":"publish","type":"post","link":"http:\/\/fegrama.cat\/web\/primer-punt-a-la-divisio-dhonor-1-1\/","title":{"rendered":"Primer punt a la Divisi\u00f3 d&#8217;Honor (1-1)"},"content":{"rendered":"\n<p>Bon debut del Juvenil A de la FE Grama a Divisi\u00f3 d&#8217;Honor. Primer punt de la temporada despr\u00e9s d&#8217;empatar (1-1) a Can Zam contra el CF Badalona.<\/p>\n\n\n\n<div class=\"wp-block-image\"><figure class=\"aligncenter size-large\"><img loading=\"lazy\" decoding=\"async\" width=\"1024\" height=\"683\" src=\"http:\/\/fegrama.cat\/web\/wp-content\/uploads\/2022\/09\/IMG-20220904-WA0039.jpg\" alt=\"\" class=\"wp-image-31115\" srcset=\"http:\/\/fegrama.cat\/web\/wp-content\/uploads\/2022\/09\/IMG-20220904-WA0039.jpg 1024w, http:\/\/fegrama.cat\/web\/wp-content\/uploads\/2022\/09\/IMG-20220904-WA0039-300x200.jpg 300w, http:\/\/fegrama.cat\/web\/wp-content\/uploads\/2022\/09\/IMG-20220904-WA0039-768x512.jpg 768w\" sizes=\"auto, (max-width: 1024px) 100vw, 1024px\" \/><\/figure><\/div>\n\n\n\n<p>Els primers acostaments van ser dels colomencs amb intents des de fora de l&#8217;\u00e0rea. Ho buscava la Grama per\u00f2 els visitants van tenir el primer en un error defensiu al qual va haver de sortir salvador Salau.<\/p>\n\n\n\n<p>Al minut 21 Izan de cap rematava un gran llan\u00e7ament de c\u00f3rner. L&#8217;1-0 i despr\u00e9s van arribar els millors minuts del Badalona. Amb el marcador en contra se&#8217;n van anar a buscar l&#8217;empat.<\/p>\n\n\n\n<p>Una pilota al pal i la posterior rematada als n\u00favols tenint la porta buida va ser l&#8217;av\u00eds. A l&#8217;afegit despr\u00e9s d&#8217;una internada per banda esquerra el Badalona empatava el partit.<\/p>\n\n\n\n<p>Segona meitat per fases dominada per la Grama o molt igualada. Els colomencs van perdonar fins a quatre ocasions clares de gol per haver-se endut els tres punts. Finalment, l&#8217;1-1 no es mouria.<\/p>\n\n\n\n<div class=\"wp-block-image\"><figure class=\"aligncenter size-large\"><img loading=\"lazy\" decoding=\"async\" width=\"1024\" height=\"683\" src=\"https:\/\/fegrama.cat\/web\/wp-content\/uploads\/2022\/09\/IMG-20220904-WA0043.jpg\" alt=\"\" class=\"wp-image-31114\" srcset=\"http:\/\/fegrama.cat\/web\/wp-content\/uploads\/2022\/09\/IMG-20220904-WA0043.jpg 1024w, http:\/\/fegrama.cat\/web\/wp-content\/uploads\/2022\/09\/IMG-20220904-WA0043-300x200.jpg 300w, http:\/\/fegrama.cat\/web\/wp-content\/uploads\/2022\/09\/IMG-20220904-WA0043-768x512.jpg 768w\" sizes=\"auto, (max-width: 1024px) 100vw, 1024px\" \/><\/figure><\/div>\n\n\n\n<p>Buen debut del Juvenil A de la FE Grama en Divisi\u00f3n de Honor. Primer punto de la temporada tras empatar (1-1) en Can Zam ante el CF Badalona.<\/p>\n\n\n\n<p>Los primeros acercamientos fueron de los colomenses con intentos desde fuera del \u00e1rea. Lo buscaba la Grama pero los visitantes tuvieron el primero en un error defensivo al que tuvo que salir salvador Salau.<\/p>\n\n\n\n<p>En el minuto 21 Izan de cabeza remataba un gran lanzamiento de c\u00f3rner. El 1-0 y tras eso llegaron los mejores minutos del Badalona. Con el marcador en contra se fueron a por el empate.<\/p>\n\n\n\n<p>Un bal\u00f3n al palo y el posterior remate a las nubes teniendo la puerta vac\u00eda fue el aviso. En el a\u00f1adido tras una internada por banda izquierda el Badalona empataba el partido.<\/p>\n\n\n\n<p>Segunda mitad por fases dominada por la Grama o muy igualada. Los colomenses perdonaron hasta cuatro ocasiones claras de gol para haberse llevado los tres puntos. Finalmente el 1-1 no se mover\u00eda.<\/p>\n","protected":false},"excerpt":{"rendered":"<p>Bon debut del Juvenil A de la FE Grama a Divisi\u00f3 d&#8217;Honor. Primer punt de la temporada despr\u00e9s d&#8217;empatar (1-1) a Can Zam contra el CF Badalona. Els primers acostaments van ser dels colomencs amb intents des de fora de l&#8217;\u00e0rea. Ho buscava la Grama per\u00f2 els visitants van tenir el primer en un error [&hellip;]<\/p>\n","protected":false},"author":1,"featured_media":31114,"comment_status":"closed","ping_status":"closed","sticky":false,"template":"","format":"standard","meta":{"footnotes":""},"categories":[4,6,14],"tags":[],"class_list":["post-31111","post","type-post","status-publish","format-standard","has-post-thumbnail","hentry","category-base-inclusiu","category-juvenils","category-noticies"],"_links":{"self":[{"href":"http:\/\/fegrama.cat\/web\/wp-json\/wp\/v2\/posts\/31111","targetHints":{"allow":["GET"]}}],"collection":[{"href":"http:\/\/fegrama.cat\/web\/wp-json\/wp\/v2\/posts"}],"about":[{"href":"http:\/\/fegrama.cat\/web\/wp-json\/wp\/v2\/types\/post"}],"author":[{"embeddable":true,"href":"http:\/\/fegrama.cat\/web\/wp-json\/wp\/v2\/users\/1"}],"replies":[{"embeddable":true,"href":"http:\/\/fegrama.cat\/web\/wp-json\/wp\/v2\/comments?post=31111"}],"version-history":[{"count":3,"href":"http:\/\/fegrama.cat\/web\/wp-json\/wp\/v2\/posts\/31111\/revisions"}],"predecessor-version":[{"id":31116,"href":"http:\/\/fegrama.cat\/web\/wp-json\/wp\/v2\/posts\/31111\/revisions\/31116"}],"wp:featuredmedia":[{"embeddable":true,"href":"http:\/\/fegrama.cat\/web\/wp-json\/wp\/v2\/media\/31114"}],"wp:attachment":[{"href":"http:\/\/fegrama.cat\/web\/wp-json\/wp\/v2\/media?parent=31111"}],"wp:term":[{"taxonomy":"category","embeddable":true,"href":"http:\/\/fegrama.cat\/web\/wp-json\/wp\/v2\/categories?post=31111"},{"taxonomy":"post_tag","embeddable":true,"href":"http:\/\/fegrama.cat\/web\/wp-json\/wp\/v2\/tags?post=31111"}],"curies":[{"name":"wp","href":"https:\/\/api.w.org\/{rel}","templated":true}]}}