{"id":31107,"date":"2022-09-03T22:50:25","date_gmt":"2022-09-03T21:50:25","guid":{"rendered":"http:\/\/fegrama.cat\/web\/?p=31107"},"modified":"2022-09-03T22:50:26","modified_gmt":"2022-09-03T21:50:26","slug":"victoria-per-tancar-la-pretemporada-0-1","status":"publish","type":"post","link":"http:\/\/fegrama.cat\/web\/victoria-per-tancar-la-pretemporada-0-1\/","title":{"rendered":"Vict\u00f2ria per tancar la pretemporada (0-1)"},"content":{"rendered":"\n<p>La Fundaci\u00f3 Esportiva Grama va tancar la pretemporada amb una vict\u00f2ria per 0-1 davant d&#8217;un Santfeliuenc FC que no va posar les coses f\u00e0cils.<\/p>\n\n\n\n<p>Bona primera meitat dels colomencs, combinant b\u00e9, creant perill i provant des de fora de l&#8217;\u00e0rea. Al minut 23 fruit d&#8217;una gran pressi\u00f3 Montalb\u00e1n li robava la pilota al porter local i cedia el gol a Roger Garc\u00eda (0-1).<\/p>\n\n\n\n<p>Cinc minuts m\u00e9s tard Sosa despr\u00e9s d&#8217;una jugada personal d&#8217;\u00c1ngel enviava la pilota al travesser. Despr\u00e9s de passar la mitja hora el Santfeliuenc es va animar a buscar l&#8217;empat fent treballar la defensa colomenca.<\/p>\n\n\n\n<p>Abans del descans la Grama va tornar a rodar el 0-2. El porter local es va haver d&#8217;esfor\u00e7ar per evitar un gol\u00e0s de falta de Gual, i la posterior rematada de Montalb\u00e1n.<\/p>\n\n\n\n<p>Segona meitat m\u00e9s igualada, els locals van ser un equip roc\u00f3s que no va deixar estar c\u00f2moda a la Grama. Poques oportunitats de gol, la m\u00e9s clara del Santfeliuenc amb Trilla salvant sota els pals.<\/p>\n\n\n\n<p>Van jugar: Olmo (P), Jim\u00e9nez (Rolo, 62&#8242;), Juan Carlos, Juste (Trilla, 45&#8242;), Palomeque, Gimeno (Antonicelli, 62&#8242;), Roger (Guiteras, 62&#8242;), Gual (Escarrabill, 45&#8242;), \u00c1ngel (Hamza, 62&#8242;), Sosa (Marc, 62&#8242;) i Montalb\u00e1n (Cevallos, 62&#8242;).<\/p>\n\n\n\n<div class=\"wp-block-image\"><figure class=\"aligncenter size-large\"><img loading=\"lazy\" decoding=\"async\" width=\"1024\" height=\"771\" src=\"http:\/\/fegrama.cat\/web\/wp-content\/uploads\/2022\/09\/IMG_20220903_180002-1024x771.jpg\" alt=\"\" class=\"wp-image-31108\" srcset=\"http:\/\/fegrama.cat\/web\/wp-content\/uploads\/2022\/09\/IMG_20220903_180002-1024x771.jpg 1024w, http:\/\/fegrama.cat\/web\/wp-content\/uploads\/2022\/09\/IMG_20220903_180002-300x226.jpg 300w, http:\/\/fegrama.cat\/web\/wp-content\/uploads\/2022\/09\/IMG_20220903_180002-768x578.jpg 768w, http:\/\/fegrama.cat\/web\/wp-content\/uploads\/2022\/09\/IMG_20220903_180002-1536x1157.jpg 1536w, http:\/\/fegrama.cat\/web\/wp-content\/uploads\/2022\/09\/IMG_20220903_180002-2048x1542.jpg 2048w\" sizes=\"auto, (max-width: 1024px) 100vw, 1024px\" \/><\/figure><\/div>\n\n\n\n<div class=\"wp-block-image\"><figure class=\"aligncenter size-large\"><img loading=\"lazy\" decoding=\"async\" width=\"1024\" height=\"771\" src=\"http:\/\/fegrama.cat\/web\/wp-content\/uploads\/2022\/09\/IMG_20220903_180350-1024x771.jpg\" alt=\"\" class=\"wp-image-31109\" srcset=\"http:\/\/fegrama.cat\/web\/wp-content\/uploads\/2022\/09\/IMG_20220903_180350-1024x771.jpg 1024w, http:\/\/fegrama.cat\/web\/wp-content\/uploads\/2022\/09\/IMG_20220903_180350-300x226.jpg 300w, http:\/\/fegrama.cat\/web\/wp-content\/uploads\/2022\/09\/IMG_20220903_180350-768x578.jpg 768w, http:\/\/fegrama.cat\/web\/wp-content\/uploads\/2022\/09\/IMG_20220903_180350-1536x1157.jpg 1536w, http:\/\/fegrama.cat\/web\/wp-content\/uploads\/2022\/09\/IMG_20220903_180350-2048x1542.jpg 2048w\" sizes=\"auto, (max-width: 1024px) 100vw, 1024px\" \/><\/figure><\/div>\n\n\n\n<p>La Fundaci\u00f3 Esportiva Grama cerr\u00f3 la pretemporada con una victoria por 0-1 ante un Santfeliuenc FC que no puso las cosas f\u00e1ciles.<\/p>\n\n\n\n<p>Buena primera mitad de los colomenses, combinando bien, creando peligro y probando desde fuera del \u00e1rea. En el minuto 23 fruto de una gran presi\u00f3n Montalb\u00e1n le robaba la pelota al portero local y ced\u00eda el gol a Roger Garc\u00eda (0-1).<\/p>\n\n\n\n<p>Cinco minutos m\u00e1s tarde Sosa tras un jugada personal de \u00c1ngel enviaba la pelota al larguero. Tras pasar la media hora el Santfeliuenc se anim\u00f3 en busca del empate haciendo trabajar a la defensa colomense.<\/p>\n\n\n\n<p>Antes del descanso la Grama volvi\u00f3 a rodar el 0-2. El portero local se tuvo que esforzar para evitar un golazo de falta de Gual, y el posterior remate de Montalb\u00e1n.<\/p>\n\n\n\n<p>Segunda mitad m\u00e1s igualada, los locales fueron un equipo rocoso que no dej\u00f3 estar c\u00f3moda a la Grama. Pocas oportunidades de gol, la m\u00e1s clara del Santfeliuenc con Trilla salvando bajo palos.<\/p>\n\n\n\n<p>Jugaron: Olmo (P), Jim\u00e9nez (Rolo, 62&#8242;), Juan Carlos, Juste (Trilla, 45&#8242;), Palomeque, Gimeno (Antonicelli, 62&#8242;), Roger (Guiteras, 62&#8242;), Gual (Escarrabill, 45&#8242;), \u00c1ngel (Hamza, 62&#8242;), Sosa (Marc, 62&#8242;) i Montalb\u00e1n (Cevallos, 62&#8242;).<\/p>\n","protected":false},"excerpt":{"rendered":"<p>La Fundaci\u00f3 Esportiva Grama va tancar la pretemporada amb una vict\u00f2ria per 0-1 davant d&#8217;un Santfeliuenc FC que no va posar les coses f\u00e0cils. Bona primera meitat dels colomencs, combinant b\u00e9, creant perill i provant des de fora de l&#8217;\u00e0rea. Al minut 23 fruit d&#8217;una gran pressi\u00f3 Montalb\u00e1n li robava la pilota al porter local [&hellip;]<\/p>\n","protected":false},"author":1,"featured_media":31109,"comment_status":"closed","ping_status":"closed","sticky":false,"template":"","format":"standard","meta":{"footnotes":""},"categories":[5],"tags":[],"class_list":["post-31107","post","type-post","status-publish","format-standard","has-post-thumbnail","hentry","category-primer-equip"],"_links":{"self":[{"href":"http:\/\/fegrama.cat\/web\/wp-json\/wp\/v2\/posts\/31107","targetHints":{"allow":["GET"]}}],"collection":[{"href":"http:\/\/fegrama.cat\/web\/wp-json\/wp\/v2\/posts"}],"about":[{"href":"http:\/\/fegrama.cat\/web\/wp-json\/wp\/v2\/types\/post"}],"author":[{"embeddable":true,"href":"http:\/\/fegrama.cat\/web\/wp-json\/wp\/v2\/users\/1"}],"replies":[{"embeddable":true,"href":"http:\/\/fegrama.cat\/web\/wp-json\/wp\/v2\/comments?post=31107"}],"version-history":[{"count":1,"href":"http:\/\/fegrama.cat\/web\/wp-json\/wp\/v2\/posts\/31107\/revisions"}],"predecessor-version":[{"id":31110,"href":"http:\/\/fegrama.cat\/web\/wp-json\/wp\/v2\/posts\/31107\/revisions\/31110"}],"wp:featuredmedia":[{"embeddable":true,"href":"http:\/\/fegrama.cat\/web\/wp-json\/wp\/v2\/media\/31109"}],"wp:attachment":[{"href":"http:\/\/fegrama.cat\/web\/wp-json\/wp\/v2\/media?parent=31107"}],"wp:term":[{"taxonomy":"category","embeddable":true,"href":"http:\/\/fegrama.cat\/web\/wp-json\/wp\/v2\/categories?post=31107"},{"taxonomy":"post_tag","embeddable":true,"href":"http:\/\/fegrama.cat\/web\/wp-json\/wp\/v2\/tags?post=31107"}],"curies":[{"name":"wp","href":"https:\/\/api.w.org\/{rel}","templated":true}]}}