{"id":31101,"date":"2022-09-01T22:26:08","date_gmt":"2022-09-01T21:26:08","guid":{"rendered":"http:\/\/fegrama.cat\/web\/?p=31101"},"modified":"2022-09-01T22:26:09","modified_gmt":"2022-09-01T21:26:09","slug":"derrota-contra-una-forta-llefia-1-0","status":"publish","type":"post","link":"http:\/\/fegrama.cat\/web\/derrota-contra-una-forta-llefia-1-0\/","title":{"rendered":"Derrota contra una forta Llefi\u00e0 (1-0)"},"content":{"rendered":"\n<p>Derrota de la Fundaci\u00f3 Esportiva Grama per 1-0 davant d&#8217;una Unificaci\u00f3n Llefi\u00e0 que va plantar cara i va jugar un bon partit. Els de Manu Pel\u00e1ez tancaran la pretemporada aquest dissabte contra el Santfeliuenc FC.<\/p>\n\n\n\n<div class=\"wp-block-image\"><figure class=\"aligncenter size-large\"><img loading=\"lazy\" decoding=\"async\" width=\"1024\" height=\"771\" src=\"https:\/\/fegrama.cat\/web\/wp-content\/uploads\/2022\/09\/IMG_20220901_203304-1024x771.jpg\" alt=\"\" class=\"wp-image-31103\" srcset=\"http:\/\/fegrama.cat\/web\/wp-content\/uploads\/2022\/09\/IMG_20220901_203304-1024x771.jpg 1024w, http:\/\/fegrama.cat\/web\/wp-content\/uploads\/2022\/09\/IMG_20220901_203304-300x226.jpg 300w, http:\/\/fegrama.cat\/web\/wp-content\/uploads\/2022\/09\/IMG_20220901_203304-768x578.jpg 768w, http:\/\/fegrama.cat\/web\/wp-content\/uploads\/2022\/09\/IMG_20220901_203304-1536x1157.jpg 1536w, http:\/\/fegrama.cat\/web\/wp-content\/uploads\/2022\/09\/IMG_20220901_203304-2048x1542.jpg 2048w\" sizes=\"auto, (max-width: 1024px) 100vw, 1024px\" \/><\/figure><\/div>\n\n\n\n<p>Igualada primera meitat en qu\u00e8 hi va haver poques ocasions. Dues bones sortides de Salau van evitar dues perilloses accions de la Llefi\u00e0. Al minut 15 va arribar la primera oportunitat del partit. Un molt actiu Hamza va trencar per banda i va posar la pilota a Gual que de primeres es va trobar amb el porter.<\/p>\n\n\n\n<p>Hamza va tenir la seg\u00fcent dos minuts m\u00e9s tard per\u00f2 el seu xut se n&#8217;aniria alt. A la mitja hora va ser Rolo per l&#8217;esquerra qui va entrar a l&#8217;\u00e0rea i va provar sense sort. Sense gols se&#8217;n van anar al descans.<\/p>\n\n\n\n<p>Semblada segona meitat en qu\u00e8 la Grama ho va intentar per\u00f2 va crear poques ocasions. Al 53\u2032 la va tenir Guiteras per\u00f2 el seu tir acabaria fregant el pal. Plantava cara la Llefi\u00e0 que tamb\u00e9 buscava el gol i defensava sense deixar espais.<\/p>\n\n\n\n<p>Des de lluny ho van provar \u00c1ngel i Roger Garc\u00eda sense trobar porteria. La m\u00e9s clara per a Gerard Campa\u00f1a (84\u2032), el davanter del juvenil enviaria la pilota al pal despr\u00e9s d&#8217;una bona passada de Jim\u00e9nez. Al 89 Olmo salvava un gol clar per\u00f2 a la jugada seg\u00fcent no podria evitar l&#8217;1-0 dels de Badalona.<\/p>\n\n\n\n<p><strong>Van jugar: <\/strong>Salau (P) (Olmo (P), 45&#8242;), Juste (Juan Carlos, 60&#8242;), Trilla, Antonicelli, Escarrabill (Gimeno, 60&#8242;), Hamza, Guiteras (Roger, 60&#8242;), Sosa (\u00c1ngel, 60&#8242;), Cevallos (Campa\u00f1a, 70&#8242;), Rolo (Jim\u00e9nez, 45&#8242;) i Gual (Palomeque, 45&#8242;).<\/p>\n\n\n\n<div class=\"wp-block-image\"><figure class=\"aligncenter size-large\"><img loading=\"lazy\" decoding=\"async\" width=\"1024\" height=\"771\" src=\"https:\/\/fegrama.cat\/web\/wp-content\/uploads\/2022\/09\/IMG_20220901_203233-1024x771.jpg\" alt=\"\" class=\"wp-image-31104\" srcset=\"http:\/\/fegrama.cat\/web\/wp-content\/uploads\/2022\/09\/IMG_20220901_203233-1024x771.jpg 1024w, http:\/\/fegrama.cat\/web\/wp-content\/uploads\/2022\/09\/IMG_20220901_203233-300x226.jpg 300w, http:\/\/fegrama.cat\/web\/wp-content\/uploads\/2022\/09\/IMG_20220901_203233-768x578.jpg 768w, http:\/\/fegrama.cat\/web\/wp-content\/uploads\/2022\/09\/IMG_20220901_203233-1536x1157.jpg 1536w, http:\/\/fegrama.cat\/web\/wp-content\/uploads\/2022\/09\/IMG_20220901_203233-2048x1542.jpg 2048w\" sizes=\"auto, (max-width: 1024px) 100vw, 1024px\" \/><\/figure><\/div>\n\n\n\n<p>Derrota de la Fundaci\u00f3 Esportiva Grama por 1-0 ante una Unificaci\u00f3n Llefi\u00e0 que plant\u00f3 cara y jug\u00f3 un buen partido. Los de Manu Pel\u00e1ez cerrar\u00e1n la pretemporada este s\u00e1bado ante el Santfeliuenc FC.<\/p>\n\n\n\n<p>Igualada primera mitad en la que hubo pocas ocasiones. Dos buenas salidas de Salau evitaron dos peligrosas acciones de la Llefi\u00e0. En el minuto 15 lleg\u00f3 la primera oportunidad del partido. Un muy activo Hamza rompi\u00f3 por banda y le puso el bal\u00f3n a Gual que de primeras se encontr\u00f3 con el portero.<\/p>\n\n\n\n<p>Hamza tuvo la siguiente dos minutos m\u00e1s tarde pero su chute se ir\u00eda alto. A la media hora fue Rolo por la izquierda quien entr\u00f3 al \u00e1rea y prob\u00f3 sin fortuna. Sin goles se marcharon al descanso.<\/p>\n\n\n\n<p>Parecida segunda mitad en la que la Grama lo intent\u00f3 pero cre\u00f3 pocas ocasiones. En el 53&#8242; la tuvo Guiteras pero su tiro acabar\u00eda rozando el palo. Plantaba cara la Llefi\u00e0 que tambi\u00e9n buscaba el gol y defend\u00eda sin dejar espacios.<\/p>\n\n\n\n<p>Desde lejos lo probaron \u00c1ngel y Roger Garc\u00eda sin encontrar portero. La m\u00e1s clara para Gerard Campa\u00f1a (84&#8242;), el delantero del juvenil enviar\u00eda el bal\u00f3n al palo tras un buen pase de Jim\u00e9nez. En el 89 Olmo salvaba un gol claro pero a la jugada siguiente no podr\u00eda evitar el 1-0 de los de Badalona.<\/p>\n","protected":false},"excerpt":{"rendered":"<p>Derrota de la Fundaci\u00f3 Esportiva Grama per 1-0 davant d&#8217;una Unificaci\u00f3n Llefi\u00e0 que va plantar cara i va jugar un bon partit. Els de Manu Pel\u00e1ez tancaran la pretemporada aquest dissabte contra el Santfeliuenc FC. Igualada primera meitat en qu\u00e8 hi va haver poques ocasions. Dues bones sortides de Salau van evitar dues perilloses accions [&hellip;]<\/p>\n","protected":false},"author":1,"featured_media":31103,"comment_status":"closed","ping_status":"closed","sticky":false,"template":"","format":"standard","meta":{"footnotes":""},"categories":[5],"tags":[],"class_list":["post-31101","post","type-post","status-publish","format-standard","has-post-thumbnail","hentry","category-primer-equip"],"_links":{"self":[{"href":"http:\/\/fegrama.cat\/web\/wp-json\/wp\/v2\/posts\/31101","targetHints":{"allow":["GET"]}}],"collection":[{"href":"http:\/\/fegrama.cat\/web\/wp-json\/wp\/v2\/posts"}],"about":[{"href":"http:\/\/fegrama.cat\/web\/wp-json\/wp\/v2\/types\/post"}],"author":[{"embeddable":true,"href":"http:\/\/fegrama.cat\/web\/wp-json\/wp\/v2\/users\/1"}],"replies":[{"embeddable":true,"href":"http:\/\/fegrama.cat\/web\/wp-json\/wp\/v2\/comments?post=31101"}],"version-history":[{"count":2,"href":"http:\/\/fegrama.cat\/web\/wp-json\/wp\/v2\/posts\/31101\/revisions"}],"predecessor-version":[{"id":31105,"href":"http:\/\/fegrama.cat\/web\/wp-json\/wp\/v2\/posts\/31101\/revisions\/31105"}],"wp:featuredmedia":[{"embeddable":true,"href":"http:\/\/fegrama.cat\/web\/wp-json\/wp\/v2\/media\/31103"}],"wp:attachment":[{"href":"http:\/\/fegrama.cat\/web\/wp-json\/wp\/v2\/media?parent=31101"}],"wp:term":[{"taxonomy":"category","embeddable":true,"href":"http:\/\/fegrama.cat\/web\/wp-json\/wp\/v2\/categories?post=31101"},{"taxonomy":"post_tag","embeddable":true,"href":"http:\/\/fegrama.cat\/web\/wp-json\/wp\/v2\/tags?post=31101"}],"curies":[{"name":"wp","href":"https:\/\/api.w.org\/{rel}","templated":true}]}}