{"id":31096,"date":"2022-08-29T00:23:01","date_gmt":"2022-08-28T23:23:01","guid":{"rendered":"http:\/\/fegrama.cat\/web\/?p=31096"},"modified":"2022-08-29T00:23:02","modified_gmt":"2022-08-28T23:23:02","slug":"derrota-a-la-dani-jarque-3-0","status":"publish","type":"post","link":"http:\/\/fegrama.cat\/web\/derrota-a-la-dani-jarque-3-0\/","title":{"rendered":"Derrota a la Dani Jarque (3-0)"},"content":{"rendered":"\n<div class=\"wp-block-image\"><figure class=\"aligncenter size-large\"><img loading=\"lazy\" decoding=\"async\" width=\"768\" height=\"1024\" src=\"https:\/\/fegrama.cat\/web\/wp-content\/uploads\/2022\/08\/IMG-20220829-WA0000-768x1024.jpg\" alt=\"\" class=\"wp-image-31099\" srcset=\"http:\/\/fegrama.cat\/web\/wp-content\/uploads\/2022\/08\/IMG-20220829-WA0000-768x1024.jpg 768w, http:\/\/fegrama.cat\/web\/wp-content\/uploads\/2022\/08\/IMG-20220829-WA0000-225x300.jpg 225w, http:\/\/fegrama.cat\/web\/wp-content\/uploads\/2022\/08\/IMG-20220829-WA0000-1152x1536.jpg 1152w, http:\/\/fegrama.cat\/web\/wp-content\/uploads\/2022\/08\/IMG-20220829-WA0000.jpg 1536w\" sizes=\"auto, (max-width: 768px) 100vw, 768px\" \/><\/figure><\/div>\n\n\n\n<p>Prova forta a la Ciutat Esportiva Dani Jarque de Sant Adri\u00e0 de Bes\u00f2s. La Fundaci\u00f3 Esportiva Grama va caure 3-0 contra el RCD Espanyol B.<\/p>\n\n\n\n<p>Bona primera part de la Grama que va tenir el control del joc. Primer 25 minuts amb poques ocasions de gol. Els colomencs van tenir les millors, Montalb\u00e1n va topar amb el porter i a \u00c1ngel li van treure la pilota sota pals.<\/p>\n\n\n\n<p>Al descans \u00e9s va arribar amb 0-0. Manu Pel\u00e1ez va fer canvis per al segon temps i al cap de pocs segons de reiniciar-se el joc va arribar l&#8217;1-0.<\/p>\n\n\n\n<p>La Grama va competir i va lluitar davant un Espanyol B superior. Els locals van aconseguir marcar dos gols m\u00e9s. Just abans del final Cevallos i un jugador local van ser expulsats.<\/p>\n\n\n\n<p>Van jugar: Olmo (P), Juan Carlos, Trilla, Gimeno, \u00c1ngel, Montalb\u00e1n, Roger Garc\u00eda, Jim\u00e9nez, Rolo, Juste i Gual. Tamb\u00e9 van jugar: Salau (P), Linares, Palomeque, Antonicelli, Escarrabill, Bakali, Guiteras, Sosa i Cevallos.<\/p>\n\n\n\n<div class=\"wp-block-image\"><figure class=\"aligncenter size-large\"><img loading=\"lazy\" decoding=\"async\" width=\"768\" height=\"1024\" src=\"https:\/\/fegrama.cat\/web\/wp-content\/uploads\/2022\/08\/IMG-20220829-WA0002-768x1024.jpg\" alt=\"\" class=\"wp-image-31098\" srcset=\"http:\/\/fegrama.cat\/web\/wp-content\/uploads\/2022\/08\/IMG-20220829-WA0002-768x1024.jpg 768w, http:\/\/fegrama.cat\/web\/wp-content\/uploads\/2022\/08\/IMG-20220829-WA0002-225x300.jpg 225w, http:\/\/fegrama.cat\/web\/wp-content\/uploads\/2022\/08\/IMG-20220829-WA0002-1152x1536.jpg 1152w, http:\/\/fegrama.cat\/web\/wp-content\/uploads\/2022\/08\/IMG-20220829-WA0002.jpg 1536w\" sizes=\"auto, (max-width: 768px) 100vw, 768px\" \/><\/figure><\/div>\n\n\n\n<p>Prueba fuerte en la Ciudad Deportiva Dani Jarque de Sant Adri\u00e0 de Bes\u00f2s. La Fundaci\u00f3 Esportiva Grama cay\u00f3 3-0 contra el RCD Espanyol B.<\/p>\n\n\n\n<p>Buena primera parte de la Grama que tuvo el control del juego. Primero 25 minutos con pocas ocasiones de gol. Los colomenses perdonaron, Montalb\u00e1n se top\u00f3 con el portero y a \u00c1ngel le sacaron la pelota bajo palos.<\/p>\n\n\n\n<p>Al descanso se llegaron con 0-0. Manu Pel\u00e1ez realiz\u00f3 cambios para el segundo tiempo y a los pocos segundos de reiniciarse el juego lleg\u00f3 el 1-0.<\/p>\n\n\n\n<p>La Grama compiti\u00f3 y luch\u00f3 ante un Espanyol B superior. Los locales lograron marcar dos goles m\u00e1s. Justo antes del final Cevallos y un jugador local fueron expulsados.<\/p>\n\n\n\n<p>Jugaron: Olmo (P), Juan Carlos, Trilla, Gimeno, \u00c1ngel, Montalb\u00e1n, Roger Garc\u00eda, Jim\u00e9nez, Rolo, Juste y Gual. Tambi\u00e9n jugaron: Salau (P), Linares, Palomeque, Antonicelli, Escarrabill, Bakali, Guiteras, Sosa y Cevallos.<\/p>\n","protected":false},"excerpt":{"rendered":"<p>Prova forta a la Ciutat Esportiva Dani Jarque de Sant Adri\u00e0 de Bes\u00f2s. La Fundaci\u00f3 Esportiva Grama va caure 3-0 contra el RCD Espanyol B. Bona primera part de la Grama que va tenir el control del joc. Primer 25 minuts amb poques ocasions de gol. Els colomencs van tenir les millors, Montalb\u00e1n va topar [&hellip;]<\/p>\n","protected":false},"author":1,"featured_media":31099,"comment_status":"closed","ping_status":"closed","sticky":false,"template":"","format":"standard","meta":{"footnotes":""},"categories":[5],"tags":[],"class_list":["post-31096","post","type-post","status-publish","format-standard","has-post-thumbnail","hentry","category-primer-equip"],"_links":{"self":[{"href":"http:\/\/fegrama.cat\/web\/wp-json\/wp\/v2\/posts\/31096","targetHints":{"allow":["GET"]}}],"collection":[{"href":"http:\/\/fegrama.cat\/web\/wp-json\/wp\/v2\/posts"}],"about":[{"href":"http:\/\/fegrama.cat\/web\/wp-json\/wp\/v2\/types\/post"}],"author":[{"embeddable":true,"href":"http:\/\/fegrama.cat\/web\/wp-json\/wp\/v2\/users\/1"}],"replies":[{"embeddable":true,"href":"http:\/\/fegrama.cat\/web\/wp-json\/wp\/v2\/comments?post=31096"}],"version-history":[{"count":2,"href":"http:\/\/fegrama.cat\/web\/wp-json\/wp\/v2\/posts\/31096\/revisions"}],"predecessor-version":[{"id":31100,"href":"http:\/\/fegrama.cat\/web\/wp-json\/wp\/v2\/posts\/31096\/revisions\/31100"}],"wp:featuredmedia":[{"embeddable":true,"href":"http:\/\/fegrama.cat\/web\/wp-json\/wp\/v2\/media\/31099"}],"wp:attachment":[{"href":"http:\/\/fegrama.cat\/web\/wp-json\/wp\/v2\/media?parent=31096"}],"wp:term":[{"taxonomy":"category","embeddable":true,"href":"http:\/\/fegrama.cat\/web\/wp-json\/wp\/v2\/categories?post=31096"},{"taxonomy":"post_tag","embeddable":true,"href":"http:\/\/fegrama.cat\/web\/wp-json\/wp\/v2\/tags?post=31096"}],"curies":[{"name":"wp","href":"https:\/\/api.w.org\/{rel}","templated":true}]}}