{"id":31087,"date":"2022-08-25T23:19:36","date_gmt":"2022-08-25T22:19:36","guid":{"rendered":"http:\/\/fegrama.cat\/web\/?p=31087"},"modified":"2022-08-26T07:38:37","modified_gmt":"2022-08-26T06:38:37","slug":"bon-ambient-al-carmel-0-8","status":"publish","type":"post","link":"http:\/\/fegrama.cat\/web\/bon-ambient-al-carmel-0-8\/","title":{"rendered":"Gols i bon ambient al Carmel (0-8)"},"content":{"rendered":"\n<div class=\"wp-block-image\"><figure class=\"aligncenter size-large\"><img loading=\"lazy\" decoding=\"async\" width=\"1024\" height=\"683\" src=\"https:\/\/fegrama.cat\/web\/wp-content\/uploads\/2022\/08\/IMG-20220825-WA0041.jpg\" alt=\"\" class=\"wp-image-31090\" srcset=\"http:\/\/fegrama.cat\/web\/wp-content\/uploads\/2022\/08\/IMG-20220825-WA0041.jpg 1024w, http:\/\/fegrama.cat\/web\/wp-content\/uploads\/2022\/08\/IMG-20220825-WA0041-300x200.jpg 300w, http:\/\/fegrama.cat\/web\/wp-content\/uploads\/2022\/08\/IMG-20220825-WA0041-768x512.jpg 768w\" sizes=\"auto, (max-width: 1024px) 100vw, 1024px\" \/><\/figure><\/div>\n\n\n\n<p>La Fundaci\u00f3 Esportiva Grama va visitar el bonic estadi del barri del Carmel a Barcelona. El resultat (0-8) davant el CD Carmelo, equip de Tercera Catalana, va ser el menys important, el m\u00e9s important sumar minuts.<\/p>\n\n\n\n<p>Va dominar absolutament la Grama, amb moltes oportunitats de gol, davant d&#8217;un rival que acaba d&#8217;arrencar la pretemporada. Els gols els van posar: Tortajada (2), Cevallos (2), Rolo, Roger, Montalb\u00e1n i Escarrabill. <\/p>\n\n\n\n<p>En tot moment va regnar un gran ambient i sintonia entre dos equips agermanats. Els lla\u00e7os entre Grama i Carmelo, at\u00e8s el vincle del nostre president Antonio Morales com del vicepresident Manolo Garc\u00eda, ens fan ser com &#8216;germans&#8217;.<\/p>\n\n\n\n<p>Van jugar: Olmo (P), Linares, Tortajada, Gimeno, Escarrabill, Hamza, Roger, Trilla, Sosa, Cevallos i Rolo. Tamb\u00e9 van jugar: Salau (P), Palomeque, Juan Carlos, \u00c1ngel, Montalb\u00e1n, Guiteras, Jim\u00e9nez, Juste i Gual.<\/p>\n\n\n\n<div class=\"wp-block-image\"><figure class=\"aligncenter size-large\"><img loading=\"lazy\" decoding=\"async\" width=\"1024\" height=\"683\" src=\"https:\/\/fegrama.cat\/web\/wp-content\/uploads\/2022\/08\/IMG-20220825-WA0037.jpg\" alt=\"\" class=\"wp-image-31089\" srcset=\"http:\/\/fegrama.cat\/web\/wp-content\/uploads\/2022\/08\/IMG-20220825-WA0037.jpg 1024w, http:\/\/fegrama.cat\/web\/wp-content\/uploads\/2022\/08\/IMG-20220825-WA0037-300x200.jpg 300w, http:\/\/fegrama.cat\/web\/wp-content\/uploads\/2022\/08\/IMG-20220825-WA0037-768x512.jpg 768w\" sizes=\"auto, (max-width: 1024px) 100vw, 1024px\" \/><\/figure><\/div>\n\n\n\n<p>La Fundaci\u00f3 Esportiva Grama visit\u00f3 el bonito estadio del barrio del Carmel en Barcelona. El resultado (0-8) ante el CD Carmelo, equipo de Tercera Catalana, fue lo de menos, lo m\u00e1s importante sumar minutos.<\/p>\n\n\n\n<p>Domin\u00f3 absolutamente la Grama, con muchas ocasiones de gol, ante un rival que acaba de arrancar su pretemporada. Los goles los pusieron: Tortajada (2), Cevallos (2), Rolo, Roger, Montalb\u00e1n y Escarrabill.<\/p>\n\n\n\n<p>En todo momento rein\u00f3 un gran ambiente y sinton\u00eda entre dos equipos hermanados. Los lazos entre Grama y Carmelo, dado el v\u00ednculo de nuestro presidente Antonio Morales como del vicepresidente Manolo Garc\u00eda, nos hacen ser como &#8216;hermanos&#8217;.<\/p>\n\n\n\n<p>Jugaron: Olmo (P), Linares, Tortajada, Gimeno, Escarrabill, Hamza, Roger, Trilla, Sosa, Cevallos y Rolo. Tambi\u00e9n jugaron: Salau (P), Palomeque, Juan Carlos, \u00c1ngel, Montalb\u00e1n, Guiteras, Jim\u00e9nez, Juste y Gual.<\/p>\n","protected":false},"excerpt":{"rendered":"<p>La Fundaci\u00f3 Esportiva Grama va visitar el bonic estadi del barri del Carmel a Barcelona. El resultat (0-8) davant el CD Carmelo, equip de Tercera Catalana, va ser el menys important, el m\u00e9s important sumar minuts. Va dominar absolutament la Grama, amb moltes oportunitats de gol, davant d&#8217;un rival que acaba d&#8217;arrencar la pretemporada. Els [&hellip;]<\/p>\n","protected":false},"author":1,"featured_media":31089,"comment_status":"closed","ping_status":"closed","sticky":false,"template":"","format":"standard","meta":{"footnotes":""},"categories":[5],"tags":[],"class_list":["post-31087","post","type-post","status-publish","format-standard","has-post-thumbnail","hentry","category-primer-equip"],"_links":{"self":[{"href":"http:\/\/fegrama.cat\/web\/wp-json\/wp\/v2\/posts\/31087","targetHints":{"allow":["GET"]}}],"collection":[{"href":"http:\/\/fegrama.cat\/web\/wp-json\/wp\/v2\/posts"}],"about":[{"href":"http:\/\/fegrama.cat\/web\/wp-json\/wp\/v2\/types\/post"}],"author":[{"embeddable":true,"href":"http:\/\/fegrama.cat\/web\/wp-json\/wp\/v2\/users\/1"}],"replies":[{"embeddable":true,"href":"http:\/\/fegrama.cat\/web\/wp-json\/wp\/v2\/comments?post=31087"}],"version-history":[{"count":5,"href":"http:\/\/fegrama.cat\/web\/wp-json\/wp\/v2\/posts\/31087\/revisions"}],"predecessor-version":[{"id":31094,"href":"http:\/\/fegrama.cat\/web\/wp-json\/wp\/v2\/posts\/31087\/revisions\/31094"}],"wp:featuredmedia":[{"embeddable":true,"href":"http:\/\/fegrama.cat\/web\/wp-json\/wp\/v2\/media\/31089"}],"wp:attachment":[{"href":"http:\/\/fegrama.cat\/web\/wp-json\/wp\/v2\/media?parent=31087"}],"wp:term":[{"taxonomy":"category","embeddable":true,"href":"http:\/\/fegrama.cat\/web\/wp-json\/wp\/v2\/categories?post=31087"},{"taxonomy":"post_tag","embeddable":true,"href":"http:\/\/fegrama.cat\/web\/wp-json\/wp\/v2\/tags?post=31087"}],"curies":[{"name":"wp","href":"https:\/\/api.w.org\/{rel}","templated":true}]}}