{"id":31073,"date":"2022-08-21T22:13:55","date_gmt":"2022-08-21T21:13:55","guid":{"rendered":"http:\/\/fegrama.cat\/web\/?p=31073"},"modified":"2022-08-21T22:13:57","modified_gmt":"2022-08-21T21:13:57","slug":"victoria-a-horta-contra-una-combativa-damm-1-3","status":"publish","type":"post","link":"http:\/\/fegrama.cat\/web\/victoria-a-horta-contra-una-combativa-damm-1-3\/","title":{"rendered":"Vict\u00f2ria a Horta contra una combativa Damm (1-3)"},"content":{"rendered":"\n<p>Nova vict\u00f2ria de la Fundaci\u00f3 Esportiva Grama a pretemporada, aquesta vegada 1-3 davant un serios i atrevit CF Damm.<\/p>\n\n\n\n<p>La Grama va ser molt efectiva i en nom\u00e9s tres minuts va posar dist\u00e0ncia al marcador. Als 10 minuts Guillem Jim\u00e9nez obria la llauna amb un xut creuat ras i al 13\u2032 era Adri Gimeno qui amb un altre xut lluny\u00e0 posava el 0-2.<\/p>\n\n\n\n<p>Gran primera meitat dels colomencs que van ser un vendaval. Molt superiors i fent un gran joc. Al 27\u2032 Hamza marcava el 0-3 rematant de cap una bona centrada a l&#8217;\u00e0rea. Poc despr\u00e9s Olmo (35\u2032) amb una gran m\u00e0 avall evitava el gol local.<\/p>\n\n\n\n<p>La Grama va tenir em quart abans del descans per\u00f2 es va resistir. Montalb\u00e1n, \u00c1ngel internant-se a l&#8217;\u00e0rea i tamb\u00e9 en un u contra un, i Palomeque amb un gran xut es van topar amb el porter.<\/p>\n\n\n\n<p>Manu Pel\u00e1ez va realitzar vuit canvis a la represa. La Grama va avisar aviat amb un xut de Pol i poc despr\u00e9s amb Palomeque a passada de Sosa.<\/p>\n\n\n\n<p>A partir del minut 55 la Damm va aconseguir el control de la pilota, lluitant cada pilota, arribant en ocasions a tancar la Grama i retallant dist\u00e0ncies al 63 (1-3).<\/p>\n\n\n\n<p>Fins al final ho van intentar els joves jugadors de color vermell mentre els blaus defensaven i sortien amb velocitat buscant un nou gol. El marcador no es tornaria a moure.<\/p>\n\n\n\n<p><strong>Van jugar: <\/strong>Olmo (P) (Salau (P), 63&#8242;), Linares (Juste, 45&#8242;), Palomeque, Trilla (Tortajada, 45&#8242;), Guillem (Rolo, 45&#8242;), Gimeno (Roger, 45&#8242;), Gual (Guiteras, 45&#8242;), Escarrabill (Sosa, 45&#8242;), \u00c1ngel (Godbless, 45&#8242;), Hamza (Pol, 45&#8242;) i Montalb\u00e1n.<\/p>\n\n\n\n<div class=\"wp-block-image\"><figure class=\"aligncenter size-large\"><img loading=\"lazy\" decoding=\"async\" width=\"1024\" height=\"731\" src=\"https:\/\/fegrama.cat\/web\/wp-content\/uploads\/2022\/08\/20220821_221036-1024x731.jpg\" alt=\"\" class=\"wp-image-31075\" srcset=\"http:\/\/fegrama.cat\/web\/wp-content\/uploads\/2022\/08\/20220821_221036-1024x731.jpg 1024w, http:\/\/fegrama.cat\/web\/wp-content\/uploads\/2022\/08\/20220821_221036-300x214.jpg 300w, http:\/\/fegrama.cat\/web\/wp-content\/uploads\/2022\/08\/20220821_221036-768x548.jpg 768w, http:\/\/fegrama.cat\/web\/wp-content\/uploads\/2022\/08\/20220821_221036-1536x1097.jpg 1536w, http:\/\/fegrama.cat\/web\/wp-content\/uploads\/2022\/08\/20220821_221036.jpg 2048w\" sizes=\"auto, (max-width: 1024px) 100vw, 1024px\" \/><figcaption>Foto: CF Damm<\/figcaption><\/figure><\/div>\n\n\n\n<p>Nueva victoria de la Fundaci\u00f3 Esportiva Grama en pretemporada, esta vez 1-3 ante un serioso y correoso CF Damm.<\/p>\n\n\n\n<p>La Grama fue muy efectiva y en a penas tres minutos puso distancia en el marcador. A los 10 minutos Guillem Jim\u00e9nez abr\u00eda la lata con un chut cruzado raso y en el 13&#8242; era Adri Gimeno quien con otro chut lejano pon\u00eda el 0-2.<\/p>\n\n\n\n<p>Gran primera mitad de los colomenses que fueron un vendaval. Muy superiores y realizando un gran juego. En el 27&#8242; Hamza marcaba el 0-3 rematando de cabeza un buen centro al \u00e1rea. Poco despu\u00e9s Olmo (35&#8242;) con una gran mano abajo evitaba el gol local.<\/p>\n\n\n\n<p>La Grama tuvo el cuarto antes del descanso pero se resisti\u00f3. Montalb\u00e1n, \u00c1ngel intern\u00e1ndose en el \u00e1rea y tambi\u00e9n en un uno contr uno, y Palomeque con un gran chut se toparon con el portero.<\/p>\n\n\n\n<p>Manu Pel\u00e1ez realiz\u00f3 ocho cambios en la reanudaci\u00f3n. La Grama avis\u00f3 pronto con un chut de Pol i poco despu\u00e9s con Palomeque a pase de Sosa.<\/p>\n\n\n\n<p>A partir del minuto 55 la Damm se hizo con el control de la pelota, luchando cada pelota, llegando en ocasiones a encerrar a la Grama y recortando distancias en el 63 (1-3).<\/p>\n\n\n\n<p>Hasta el final lo intentaron los j\u00f3venes jugadores de color rojo mientras los azules defend\u00edan y sal\u00edan con velocidad en busca de un nuevo gol. El marcador no se volver\u00eda a mover.<\/p>\n","protected":false},"excerpt":{"rendered":"<p>Nova vict\u00f2ria de la Fundaci\u00f3 Esportiva Grama a pretemporada, aquesta vegada 1-3 davant un serios i atrevit CF Damm. La Grama va ser molt efectiva i en nom\u00e9s tres minuts va posar dist\u00e0ncia al marcador. Als 10 minuts Guillem Jim\u00e9nez obria la llauna amb un xut creuat ras i al 13\u2032 era Adri Gimeno qui [&hellip;]<\/p>\n","protected":false},"author":1,"featured_media":31075,"comment_status":"closed","ping_status":"closed","sticky":false,"template":"","format":"standard","meta":{"footnotes":""},"categories":[5],"tags":[],"class_list":["post-31073","post","type-post","status-publish","format-standard","has-post-thumbnail","hentry","category-primer-equip"],"_links":{"self":[{"href":"http:\/\/fegrama.cat\/web\/wp-json\/wp\/v2\/posts\/31073","targetHints":{"allow":["GET"]}}],"collection":[{"href":"http:\/\/fegrama.cat\/web\/wp-json\/wp\/v2\/posts"}],"about":[{"href":"http:\/\/fegrama.cat\/web\/wp-json\/wp\/v2\/types\/post"}],"author":[{"embeddable":true,"href":"http:\/\/fegrama.cat\/web\/wp-json\/wp\/v2\/users\/1"}],"replies":[{"embeddable":true,"href":"http:\/\/fegrama.cat\/web\/wp-json\/wp\/v2\/comments?post=31073"}],"version-history":[{"count":2,"href":"http:\/\/fegrama.cat\/web\/wp-json\/wp\/v2\/posts\/31073\/revisions"}],"predecessor-version":[{"id":31076,"href":"http:\/\/fegrama.cat\/web\/wp-json\/wp\/v2\/posts\/31073\/revisions\/31076"}],"wp:featuredmedia":[{"embeddable":true,"href":"http:\/\/fegrama.cat\/web\/wp-json\/wp\/v2\/media\/31075"}],"wp:attachment":[{"href":"http:\/\/fegrama.cat\/web\/wp-json\/wp\/v2\/media?parent=31073"}],"wp:term":[{"taxonomy":"category","embeddable":true,"href":"http:\/\/fegrama.cat\/web\/wp-json\/wp\/v2\/categories?post=31073"},{"taxonomy":"post_tag","embeddable":true,"href":"http:\/\/fegrama.cat\/web\/wp-json\/wp\/v2\/tags?post=31073"}],"curies":[{"name":"wp","href":"https:\/\/api.w.org\/{rel}","templated":true}]}}