{"id":31068,"date":"2022-08-17T22:37:58","date_gmt":"2022-08-17T21:37:58","guid":{"rendered":"http:\/\/fegrama.cat\/web\/?p=31068"},"modified":"2022-08-17T22:38:03","modified_gmt":"2022-08-17T21:38:03","slug":"taules-i-bon-joc-1-1","status":"publish","type":"post","link":"http:\/\/fegrama.cat\/web\/taules-i-bon-joc-1-1\/","title":{"rendered":"Taules i bon joc (1-1)"},"content":{"rendered":"\n<p>Bon partit de la Fundaci\u00f3 Esportiva Grama que va empatar 1-1 davant el CE Europa al Municipal de Bar\u00f3 de Viver. Els blaus, aquesta vegada de vermells, van ser millors que els seus rivals.<\/p>\n\n\n\n<p>Els colomencs van avisar aviat, als sis minuts Antonicelli a la mitja volta ho intentava enviant la pilota per sobre del travesser. Primera meitat dominada pels homes dirigits per Manu Pel\u00e1ez desplegant un bon joc combinatiu i r\u00e0pid.<\/p>\n\n\n\n<p>Adri Gimeno va ser el motor de la Grama i per la banda dreta \u00c1ngel va ser un punyal creant molt de perill. Al quart d&#8217;hora Gimeno estavellava la pilota al travesser. Al 33\u2032 novament Gimeno provava des de lluny i aquesta vegada el porter enviava a c\u00f3rner.<\/p>\n\n\n\n<div class=\"wp-block-image\"><figure class=\"aligncenter size-large\"><img loading=\"lazy\" decoding=\"async\" width=\"1024\" height=\"768\" src=\"https:\/\/fegrama.cat\/web\/wp-content\/uploads\/2022\/08\/WhatsApp-Image-2022-08-17-at-19.09.36.jpeg\" alt=\"\" class=\"wp-image-31070\" srcset=\"http:\/\/fegrama.cat\/web\/wp-content\/uploads\/2022\/08\/WhatsApp-Image-2022-08-17-at-19.09.36.jpeg 1024w, http:\/\/fegrama.cat\/web\/wp-content\/uploads\/2022\/08\/WhatsApp-Image-2022-08-17-at-19.09.36-300x225.jpeg 300w, http:\/\/fegrama.cat\/web\/wp-content\/uploads\/2022\/08\/WhatsApp-Image-2022-08-17-at-19.09.36-768x576.jpeg 768w\" sizes=\"auto, (max-width: 1024px) 100vw, 1024px\" \/><\/figure><\/div>\n\n\n\n<p>Tres minuts despr\u00e9s, arribaria l&#8217;1-0. Mike Cevallos s&#8217;internava a l&#8217;\u00e0rea i assistia Roger Garc\u00eda per marcar a plaer. Abans del descans Palomeque de cap despr\u00e9s de centre de Sosa i Guiteras van fregar el segon gol local. Al minut de reprendre&#8217;s el joc Hamza fallava a l&#8217;1 contra 1 davant l&#8217;encert del porter.<\/p>\n\n\n\n<p>Al minut 54 l&#8217;Europa aconseguia l&#8217;empat en aprofitar un centre ras des de la dreta i rematada de primeres impossible per a Olmo. Segona meitat m\u00e9s igualada per\u00f2 amb la Grama tenint les ocasions. Al 67\u2032 Godbless provava per\u00f2 es trobava amb el porter.<\/p>\n\n\n\n<p>Tram final amb dues ocasions per a la Grama, Joan Gual topava amb el porter i Gimeno enviava la pilota creuada fregant el pal. Amb aix\u00f2 es va arribar al final del matx (1-1).<\/p>\n\n\n\n<p><strong>Van jugar: <\/strong>Guiseris (P) (Olmo (P), 45&#8242;), Linares (Jim\u00e9nez, 45&#8242;), Palomeque (Justes, 70&#8242;), Antonicelli (Tortajada, 70&#8242;), \u00c1ngel (Hamza, 45&#8242;), Adri Gimeno, Roger Garc\u00eda (Gual, 45&#8242;), Guiteras (Godbless, 45&#8242;), Sosa (Escarrabill, 45&#8242;), Cevallos (Montalb\u00e1n, 45&#8242;) i Rolo (Trilla, 45&#8242;).<\/p>\n\n\n\n<div class=\"wp-block-image\"><figure class=\"aligncenter size-large\"><img loading=\"lazy\" decoding=\"async\" width=\"1024\" height=\"728\" src=\"https:\/\/fegrama.cat\/web\/wp-content\/uploads\/2022\/08\/WhatsApp-Image-2022-08-17-at-19.09.36-1.jpeg\" alt=\"\" class=\"wp-image-31071\" srcset=\"http:\/\/fegrama.cat\/web\/wp-content\/uploads\/2022\/08\/WhatsApp-Image-2022-08-17-at-19.09.36-1.jpeg 1024w, http:\/\/fegrama.cat\/web\/wp-content\/uploads\/2022\/08\/WhatsApp-Image-2022-08-17-at-19.09.36-1-300x213.jpeg 300w, http:\/\/fegrama.cat\/web\/wp-content\/uploads\/2022\/08\/WhatsApp-Image-2022-08-17-at-19.09.36-1-768x546.jpeg 768w\" sizes=\"auto, (max-width: 1024px) 100vw, 1024px\" \/><\/figure><\/div>\n\n\n\n<p>Buen partido de la Fundaci\u00f3 Esportiva Grama que empat\u00f3 1-1 ante el CE Europa en el Municipal de Bar\u00f3 de Viver. Los azules, esta vez de rojos, fueron mejores que sus rivales.<\/p>\n\n\n\n<p>Los colomenses avisaron pronto, a los seis minutos Antonicelli a la media vuelta lo intentaba enviando la pelota por encima del larguero. Primera mitad dominada por los hombres dirigidos por Manu Pel\u00e1ez desplegando un buen juego combinativo y r\u00e1pido.<\/p>\n\n\n\n<p>Adri Gimeno fue el motor de la Grama y por la banda derecha \u00c1ngel fue un pu\u00f1al creando mucho peligro. Al cuarto de hora Gimeno estrellaba la pelota en el larguero. En el 33&#8242; nuevamente Gimeno provaba desde lejos y esta vez el portero enviaba a c\u00f3rner.<\/p>\n\n\n\n<p>Tres minutos despu\u00e9s llegar\u00eda el 1-0. Mike Cevallos se internaba en el \u00e1rea y asist\u00eda a Roger Garc\u00eda para marcar a placer. Antes del descanso Palomeque de cabeza tras centro de Sosa y Guiteras rozaron el segundo gol local. Al minuto de reanudarse el juego Hamza fallaba en el 1 contra 1 ante el acierto del portero.<\/p>\n\n\n\n<p>En el minuto 54 el Europa lograba el empate al aprovechar un centro raso desde la derecha y remate de primeras imposible para Guiseris. Segunda mitad m\u00e1s igualada pero con la Grama teniendo las ocasiones. En el 67&#8242; Godbless probaba pero se encontraba con el portero.<\/p>\n\n\n\n<p>Tramo final con dos ocasiones para la Grama, Joan Gual se topaba con el portero y Gimeno enviaba la pelota cruzada rozando el palo. Con esto se lleg\u00f3 al final del choque (1-1).<\/p>\n","protected":false},"excerpt":{"rendered":"<p>Bon partit de la Fundaci\u00f3 Esportiva Grama que va empatar 1-1 davant el CE Europa al Municipal de Bar\u00f3 de Viver. Els blaus, aquesta vegada de vermells, van ser millors que els seus rivals. Els colomencs van avisar aviat, als sis minuts Antonicelli a la mitja volta ho intentava enviant la pilota per sobre del [&hellip;]<\/p>\n","protected":false},"author":1,"featured_media":31070,"comment_status":"closed","ping_status":"closed","sticky":false,"template":"","format":"standard","meta":{"footnotes":""},"categories":[5],"tags":[],"class_list":["post-31068","post","type-post","status-publish","format-standard","has-post-thumbnail","hentry","category-primer-equip"],"_links":{"self":[{"href":"http:\/\/fegrama.cat\/web\/wp-json\/wp\/v2\/posts\/31068","targetHints":{"allow":["GET"]}}],"collection":[{"href":"http:\/\/fegrama.cat\/web\/wp-json\/wp\/v2\/posts"}],"about":[{"href":"http:\/\/fegrama.cat\/web\/wp-json\/wp\/v2\/types\/post"}],"author":[{"embeddable":true,"href":"http:\/\/fegrama.cat\/web\/wp-json\/wp\/v2\/users\/1"}],"replies":[{"embeddable":true,"href":"http:\/\/fegrama.cat\/web\/wp-json\/wp\/v2\/comments?post=31068"}],"version-history":[{"count":2,"href":"http:\/\/fegrama.cat\/web\/wp-json\/wp\/v2\/posts\/31068\/revisions"}],"predecessor-version":[{"id":31072,"href":"http:\/\/fegrama.cat\/web\/wp-json\/wp\/v2\/posts\/31068\/revisions\/31072"}],"wp:featuredmedia":[{"embeddable":true,"href":"http:\/\/fegrama.cat\/web\/wp-json\/wp\/v2\/media\/31070"}],"wp:attachment":[{"href":"http:\/\/fegrama.cat\/web\/wp-json\/wp\/v2\/media?parent=31068"}],"wp:term":[{"taxonomy":"category","embeddable":true,"href":"http:\/\/fegrama.cat\/web\/wp-json\/wp\/v2\/categories?post=31068"},{"taxonomy":"post_tag","embeddable":true,"href":"http:\/\/fegrama.cat\/web\/wp-json\/wp\/v2\/tags?post=31068"}],"curies":[{"name":"wp","href":"https:\/\/api.w.org\/{rel}","templated":true}]}}