{"id":31027,"date":"2022-08-05T06:56:30","date_gmt":"2022-08-05T05:56:30","guid":{"rendered":"http:\/\/fegrama.cat\/web\/?p=31027"},"modified":"2022-08-05T07:05:11","modified_gmt":"2022-08-05T06:05:11","slug":"bon-partit-pero-els-penals-ens-deixen-sense-premi","status":"publish","type":"post","link":"http:\/\/fegrama.cat\/web\/bon-partit-pero-els-penals-ens-deixen-sense-premi\/","title":{"rendered":"Bon partit per\u00f2 els penals ens deixen sense premi"},"content":{"rendered":"\n<p>Bon debut del Juvenil A en pretemporada empatant 3-3 davant el RCD Espanyol al Torneig de Sant Roc (Arenys de Mar). El proper partit del mateix torneig ser\u00e0 dissabte (20h) davant la UE Cornell\u00e0.<\/p>\n\n\n\n<p>Primera meitat en qu\u00e8 la Grama va estar b\u00e9 a la pressi\u00f3 i aconseguint obrir la llauna al minut 10. Pilota a la banda on Lamin assistia a Bafode per fer l&#8217;1-0.<\/p>\n\n\n\n<p>L&#8217;Espanyol amb m\u00e9s pilota i ocasions finalment va aconseguir l&#8217;empat abans del descans. A la segona meitat Christian Rueda va posar un 11 diferent a la gespa.<\/p>\n\n\n\n<p>La Grama va estar millor, i es tornaria a avan\u00e7ar. Centre lateral i Edu Tapias feia el 2-1. Poc despr\u00e9s arribaria el tercer, transici\u00f3 de banda a banda Iverson encarava i creuava la pilota.<\/p>\n\n\n\n<p>Quan faltaven vuit minuts un mal rebuig va ser aprofitat per l&#8217;Espanyol per retallar dist\u00e0ncies. Desgraciadament arribaria el 3-3 despr\u00e9s d&#8217;un penal rigor\u00f3s.<\/p>\n\n\n\n<p>Es resoldria el partit a la tanda de penals amb resultat de 0-2 per als periquitos.<\/p>\n\n\n\n<div class=\"wp-block-image\"><figure class=\"aligncenter size-large\"><img loading=\"lazy\" decoding=\"async\" width=\"1024\" height=\"768\" src=\"http:\/\/fegrama.cat\/web\/wp-content\/uploads\/2022\/08\/IMG-20220805-WA0002.jpg\" alt=\"\" class=\"wp-image-31028\" srcset=\"http:\/\/fegrama.cat\/web\/wp-content\/uploads\/2022\/08\/IMG-20220805-WA0002.jpg 1024w, http:\/\/fegrama.cat\/web\/wp-content\/uploads\/2022\/08\/IMG-20220805-WA0002-300x225.jpg 300w, http:\/\/fegrama.cat\/web\/wp-content\/uploads\/2022\/08\/IMG-20220805-WA0002-768x576.jpg 768w\" sizes=\"auto, (max-width: 1024px) 100vw, 1024px\" \/><\/figure><\/div>\n\n\n\n<p>Buen debut del Juvenil A en pretemporada empatando 3-3 ante el RCD Espanyol en el Torneo de Sant Roc (Arenys de Mar). Su pr\u00f3ximo partido del mismo torneo ser\u00e1 el s\u00e1bado (20h) ante la UE Cornell\u00e0.<\/p>\n\n\n\n<p>Primera mitad en la que la Grama estuvo bien en la presi\u00f3n y consiguiendo abrir la lata en el minuto 10. Bal\u00f3n a la banda donde Lamin asist\u00eda a Bafode para hacer el 1-0.<\/p>\n\n\n\n<p>El Espanyol con m\u00e1s bal\u00f3n y ocasiones finalmente logr\u00f3 el empate antes del descanso. En la segunda mitad Christian Rueda puso un 11 diferente en el c\u00e9sped.<\/p>\n\n\n\n<p>La Grama estuvo mejor, y volver\u00eda a adelantarse. Centro lateral y Edu Tapias hacia el 2-1. Poco despu\u00e9s llegar\u00eda el tercero, transici\u00f3n de lado a lado Iverson encaraba y cruzaba la pelota.<\/p>\n\n\n\n<p>A falta de ocho minutos un mal despeje fue aprovechado por el Espanyol para recortar distancias. Desgraciadamente llegar\u00eda el 3-3 tras un penalti riguroso.<\/p>\n\n\n\n<p>Se resolver\u00eda el partido en la tanda de penaltis con resultado de 0-2 para los pericos.<\/p>\n","protected":false},"excerpt":{"rendered":"<p>Bon debut del Juvenil A en pretemporada empatant 3-3 davant el RCD Espanyol al Torneig de Sant Roc (Arenys de Mar). El proper partit del mateix torneig ser\u00e0 dissabte (20h) davant la UE Cornell\u00e0. Primera meitat en qu\u00e8 la Grama va estar b\u00e9 a la pressi\u00f3 i aconseguint obrir la llauna al minut 10. Pilota [&hellip;]<\/p>\n","protected":false},"author":1,"featured_media":31028,"comment_status":"closed","ping_status":"closed","sticky":false,"template":"","format":"standard","meta":{"footnotes":""},"categories":[4,6],"tags":[],"class_list":["post-31027","post","type-post","status-publish","format-standard","has-post-thumbnail","hentry","category-base-inclusiu","category-juvenils"],"_links":{"self":[{"href":"http:\/\/fegrama.cat\/web\/wp-json\/wp\/v2\/posts\/31027","targetHints":{"allow":["GET"]}}],"collection":[{"href":"http:\/\/fegrama.cat\/web\/wp-json\/wp\/v2\/posts"}],"about":[{"href":"http:\/\/fegrama.cat\/web\/wp-json\/wp\/v2\/types\/post"}],"author":[{"embeddable":true,"href":"http:\/\/fegrama.cat\/web\/wp-json\/wp\/v2\/users\/1"}],"replies":[{"embeddable":true,"href":"http:\/\/fegrama.cat\/web\/wp-json\/wp\/v2\/comments?post=31027"}],"version-history":[{"count":2,"href":"http:\/\/fegrama.cat\/web\/wp-json\/wp\/v2\/posts\/31027\/revisions"}],"predecessor-version":[{"id":31030,"href":"http:\/\/fegrama.cat\/web\/wp-json\/wp\/v2\/posts\/31027\/revisions\/31030"}],"wp:featuredmedia":[{"embeddable":true,"href":"http:\/\/fegrama.cat\/web\/wp-json\/wp\/v2\/media\/31028"}],"wp:attachment":[{"href":"http:\/\/fegrama.cat\/web\/wp-json\/wp\/v2\/media?parent=31027"}],"wp:term":[{"taxonomy":"category","embeddable":true,"href":"http:\/\/fegrama.cat\/web\/wp-json\/wp\/v2\/categories?post=31027"},{"taxonomy":"post_tag","embeddable":true,"href":"http:\/\/fegrama.cat\/web\/wp-json\/wp\/v2\/tags?post=31027"}],"curies":[{"name":"wp","href":"https:\/\/api.w.org\/{rel}","templated":true}]}}