{"id":31020,"date":"2022-08-04T22:25:48","date_gmt":"2022-08-04T21:25:48","guid":{"rendered":"http:\/\/fegrama.cat\/web\/?p=31020"},"modified":"2022-08-04T22:25:49","modified_gmt":"2022-08-04T21:25:49","slug":"bona-imatge-als-historics","status":"publish","type":"post","link":"http:\/\/fegrama.cat\/web\/bona-imatge-als-historics\/","title":{"rendered":"Bona imatge als Hist\u00f2rics"},"content":{"rendered":"\n<p>Debut en pretemporada de la Fundaci\u00f3 Esportiva Grama i estrena a la banqueta de Manu Pel\u00e1ez i el seu equip t\u00e8cnic. Els colomencs van fer un gran paper al Torneig dels Hist\u00f2rics sumant una vict\u00f2ria i una derrota ajustada davant un equip de superior categoria.<\/p>\n\n\n\n<div class=\"wp-block-image\"><figure class=\"aligncenter size-large\"><img loading=\"lazy\" decoding=\"async\" width=\"1024\" height=\"682\" src=\"https:\/\/fegrama.cat\/web\/wp-content\/uploads\/2022\/08\/WhatsApp-Image-2022-08-04-at-11.14.25-PM-1024x682.jpeg\" alt=\"\" class=\"wp-image-31022\" srcset=\"http:\/\/fegrama.cat\/web\/wp-content\/uploads\/2022\/08\/WhatsApp-Image-2022-08-04-at-11.14.25-PM-1024x682.jpeg 1024w, http:\/\/fegrama.cat\/web\/wp-content\/uploads\/2022\/08\/WhatsApp-Image-2022-08-04-at-11.14.25-PM-300x200.jpeg 300w, http:\/\/fegrama.cat\/web\/wp-content\/uploads\/2022\/08\/WhatsApp-Image-2022-08-04-at-11.14.25-PM-768x512.jpeg 768w, http:\/\/fegrama.cat\/web\/wp-content\/uploads\/2022\/08\/WhatsApp-Image-2022-08-04-at-11.14.25-PM-1536x1023.jpeg 1536w, http:\/\/fegrama.cat\/web\/wp-content\/uploads\/2022\/08\/WhatsApp-Image-2022-08-04-at-11.14.25-PM.jpeg 1600w\" sizes=\"auto, (max-width: 1024px) 100vw, 1024px\" \/><\/figure><\/div>\n\n\n\n<p><strong>FE Grama 2-0 UA Horta<\/strong><\/p>\n\n\n\n<p>Tres minuts va necessitar la Grama per marcar, una gran jugada de Guillem Jim\u00e9nez assistint Montalb\u00e1n per definir de tir creuat. Els de Manu Pel\u00e1ez van dominar i van desplegar un bonic joc. Guillem i \u00c1ngel van fregar el segon gol per\u00f2 sense sort. El millor acostament de l&#8217;Horta toparia amb Guiseris al 30\u2032 de joc. Finalment Montalb\u00e1n al 45\u2032 sentenciava, doblet del 9 despr\u00e9s d&#8217;una gran passada a l&#8217;espai de Joan Gual. A m\u00e9s, la Grama tamb\u00e9 es va emportar la posterior tanda de penals (3-2) per a un possible desempat.<\/p>\n\n\n\n<p><em>Van jugar: Guiseris (P), Juan Carlos, Palomeque, \u00c0ngel, Montalb\u00e1n, Darling (Linares, 33\u2032), Roger, Guiteras, Jim\u00e9nez, Sosa i Gual.<\/em><\/p>\n\n\n\n<div class=\"wp-block-image\"><figure class=\"aligncenter size-large\"><img loading=\"lazy\" decoding=\"async\" width=\"1024\" height=\"643\" src=\"https:\/\/fegrama.cat\/web\/wp-content\/uploads\/2022\/08\/WhatsApp-Image-2022-08-04-at-11.17.17-PM-1024x643.jpeg\" alt=\"\" class=\"wp-image-31023\" srcset=\"http:\/\/fegrama.cat\/web\/wp-content\/uploads\/2022\/08\/WhatsApp-Image-2022-08-04-at-11.17.17-PM-1024x643.jpeg 1024w, http:\/\/fegrama.cat\/web\/wp-content\/uploads\/2022\/08\/WhatsApp-Image-2022-08-04-at-11.17.17-PM-300x188.jpeg 300w, http:\/\/fegrama.cat\/web\/wp-content\/uploads\/2022\/08\/WhatsApp-Image-2022-08-04-at-11.17.17-PM-768x482.jpeg 768w, http:\/\/fegrama.cat\/web\/wp-content\/uploads\/2022\/08\/WhatsApp-Image-2022-08-04-at-11.17.17-PM-1536x965.jpeg 1536w, http:\/\/fegrama.cat\/web\/wp-content\/uploads\/2022\/08\/WhatsApp-Image-2022-08-04-at-11.17.17-PM.jpeg 1600w\" sizes=\"auto, (max-width: 1024px) 100vw, 1024px\" \/><\/figure><\/div>\n\n\n\n<p><strong>CE Manresa 2-1 FE Grama<\/strong><\/p>\n\n\n\n<p>Als 4 minuts de joc s&#8217;avan\u00e7aria el Manresa i dos minuts m\u00e9s tard enviarien un penal al pal. Un fort inici que va ser contrarestat amb una Grama que va anar a m\u00e9s i va comen\u00e7ar a crear perill. Dos centres quasi rematats per Godbless, un xut de Cifuentes aturat pel porter i el posterior rebuig enviat fora per Hamza. La Grama es mereixia l&#8217;empat. La millor en botes de Godbless en un 1 contra 1 que fallava al 25\u2032. Deu m\u00e9s tard Noah sentenciava per\u00f2 la Grama no va abaixar els bra\u00e7os i va lluitar fins al final. Al 40\u2032 Rolo va agafar la pilota al centre del camp i va comen\u00e7ar a c\u00f3rrer i marxar de rivals fins a definir davant el porter. Tot un gol\u00e0s per buscar l&#8217;empat per\u00f2 finalment el 2-1 no es mouria.<\/p>\n\n\n\n<p><em>Van jugar: Olmo (P), Linares, Tortajada, Gimeno, Antonicelli, Escarrabill, Hamza, Godbless, Pau Mata, Rolo i Cifuentes.<\/em><\/p>\n\n\n\n<div class=\"wp-block-image\"><figure class=\"aligncenter size-large\"><img loading=\"lazy\" decoding=\"async\" width=\"1024\" height=\"682\" src=\"https:\/\/fegrama.cat\/web\/wp-content\/uploads\/2022\/08\/WhatsApp-Image-2022-08-04-at-11.14.04-PM-1024x682.jpeg\" alt=\"\" class=\"wp-image-31024\" srcset=\"http:\/\/fegrama.cat\/web\/wp-content\/uploads\/2022\/08\/WhatsApp-Image-2022-08-04-at-11.14.04-PM-1024x682.jpeg 1024w, http:\/\/fegrama.cat\/web\/wp-content\/uploads\/2022\/08\/WhatsApp-Image-2022-08-04-at-11.14.04-PM-300x200.jpeg 300w, http:\/\/fegrama.cat\/web\/wp-content\/uploads\/2022\/08\/WhatsApp-Image-2022-08-04-at-11.14.04-PM-768x512.jpeg 768w, http:\/\/fegrama.cat\/web\/wp-content\/uploads\/2022\/08\/WhatsApp-Image-2022-08-04-at-11.14.04-PM-1536x1023.jpeg 1536w, http:\/\/fegrama.cat\/web\/wp-content\/uploads\/2022\/08\/WhatsApp-Image-2022-08-04-at-11.14.04-PM.jpeg 1600w\" sizes=\"auto, (max-width: 1024px) 100vw, 1024px\" \/><\/figure><\/div>\n\n\n\n<p>Debut en pretemporada de la Fundaci\u00f3 Esportiva Grama y estreno en el banquillo de Manu Pel\u00e1ez y su equipo t\u00e9cnico. Los colomenses hicieron un gran papel en el Torneo de los Hist\u00f3ricos sumando una victoria y una derrota ajustada ante un equipo de superior categor\u00eda.<\/p>\n\n\n\n<p><strong>FE Grama 2-0 UA Horta<\/strong><\/p>\n\n\n\n<p>Tres minutos necesit\u00f3 la Grama para marcar, una gran jugada de Guillem Jim\u00e9nez asistiendo a Montalb\u00e1n para definir de tiro cruzado. Los de Manu Pel\u00e1ez dominaron y desplegaron un bonito juego. Guillem y \u00c1ngel rozaron el segundo gol pero sin suerte. El mejor acercamiento del Horta se topar\u00eda con Guiseris en el 30&#8242; de juego. Finalmente Montalb\u00e1n en el 45&#8242; sentenciaba, doblete del 9 tras un gran pase al espacio de Joan Gual. Adem\u00e1s, la Grama tambi\u00e9n se llev\u00f3 la posterior tanda de penaltis (3-2) para un posible desempate.<\/p>\n\n\n\n<p><em>Jugaron: Guiseris (P), Juan Carlos, Palomeque, \u00c1ngel, Montalb\u00e1n, Darling (Linares, 33&#8242;), Roger, Guiteras, Jim\u00e9nez, Sosa y Gual.<\/em><\/p>\n\n\n\n<p><strong>CE Manresa 2-1 FE Grama<\/strong><\/p>\n\n\n\n<p>A los 4 minutos de juego se adelantar\u00eda el Manresa y dos minutos m\u00e1s tarde enviar\u00edan un penalti al palo. Un fuerte inicio que fue contrarrestado con una Grama que fue a m\u00e1s y empez\u00f3 a crear peligro. Dos centros casi rematados por Godbles, un chut de Cifuentes parado por el portero y el posterior rechace enviado fuera por Hamza. La Grama merec\u00eda el empate. La mejor en botas de Godbless en un 1 contra 1 que fallaba en el 25&#8242;. Diez m\u00e1s tarde Noah sentenciaba pero la Grama no baj\u00f3 los brazos y luch\u00f3 hasta el final. En el 40&#8242; Rolo cogi\u00f3 el bal\u00f3n en el centro del campo y empez\u00f3 a correr y marcharse de rivales hasta definir ante el portero. Todo un golazo para buscar el empate pero finalmente el 2-1 no se mover\u00eda.<\/p>\n\n\n\n<p><em>Jugaron: Olmo (P), Linares, Tortajada, Gimeno, Antonicelli, Escarrabill, Hamza, Godbless, Pau Mata, Rolo y Cifuentes.<\/em><\/p>\n","protected":false},"excerpt":{"rendered":"<p>Debut en pretemporada de la Fundaci\u00f3 Esportiva Grama i estrena a la banqueta de Manu Pel\u00e1ez i el seu equip t\u00e8cnic. Els colomencs van fer un gran paper al Torneig dels Hist\u00f2rics sumant una vict\u00f2ria i una derrota ajustada davant un equip de superior categoria. FE Grama 2-0 UA Horta Tres minuts va necessitar la [&hellip;]<\/p>\n","protected":false},"author":1,"featured_media":31024,"comment_status":"closed","ping_status":"closed","sticky":false,"template":"","format":"standard","meta":{"footnotes":""},"categories":[14],"tags":[],"class_list":["post-31020","post","type-post","status-publish","format-standard","has-post-thumbnail","hentry","category-noticies"],"_links":{"self":[{"href":"http:\/\/fegrama.cat\/web\/wp-json\/wp\/v2\/posts\/31020","targetHints":{"allow":["GET"]}}],"collection":[{"href":"http:\/\/fegrama.cat\/web\/wp-json\/wp\/v2\/posts"}],"about":[{"href":"http:\/\/fegrama.cat\/web\/wp-json\/wp\/v2\/types\/post"}],"author":[{"embeddable":true,"href":"http:\/\/fegrama.cat\/web\/wp-json\/wp\/v2\/users\/1"}],"replies":[{"embeddable":true,"href":"http:\/\/fegrama.cat\/web\/wp-json\/wp\/v2\/comments?post=31020"}],"version-history":[{"count":2,"href":"http:\/\/fegrama.cat\/web\/wp-json\/wp\/v2\/posts\/31020\/revisions"}],"predecessor-version":[{"id":31025,"href":"http:\/\/fegrama.cat\/web\/wp-json\/wp\/v2\/posts\/31020\/revisions\/31025"}],"wp:featuredmedia":[{"embeddable":true,"href":"http:\/\/fegrama.cat\/web\/wp-json\/wp\/v2\/media\/31024"}],"wp:attachment":[{"href":"http:\/\/fegrama.cat\/web\/wp-json\/wp\/v2\/media?parent=31020"}],"wp:term":[{"taxonomy":"category","embeddable":true,"href":"http:\/\/fegrama.cat\/web\/wp-json\/wp\/v2\/categories?post=31020"},{"taxonomy":"post_tag","embeddable":true,"href":"http:\/\/fegrama.cat\/web\/wp-json\/wp\/v2\/tags?post=31020"}],"curies":[{"name":"wp","href":"https:\/\/api.w.org\/{rel}","templated":true}]}}