{"id":3101,"date":"2014-03-31T08:15:19","date_gmt":"2014-03-31T07:15:19","guid":{"rendered":"http:\/\/fegrama.cat\/web\/?p=3101"},"modified":"2014-03-31T08:15:19","modified_gmt":"2014-03-31T07:15:19","slug":"el-primer-equip-de-la-fundacio-grama-empata-a-santa-coloma-davant-el-roureda-per-4-4","status":"publish","type":"post","link":"http:\/\/fegrama.cat\/web\/el-primer-equip-de-la-fundacio-grama-empata-a-santa-coloma-davant-el-roureda-per-4-4\/","title":{"rendered":"El Primer Equip de la Fundaci\u00f3 Grama empata a Santa Coloma davant el Roureda per 4-4"},"content":{"rendered":"<p style=\"text-align: justify;\"><span style=\"color: #000000;\">El Primer Equip de la Fundaci\u00f3 Grama aconsegueix un empat davant la visita del Roureda per 4-4.<\/span><\/p>\n<p style=\"text-align: justify;\"><span style=\"color: #000000;\">L&#8217;equip de la Fundaci\u00f3 Grama s&#8217;enfrontava a rival directe a qui porta nom\u00e8s un punt i que s&#8217;avant\u00e7ava al marcador del Nou Municipal amb dos gols abans del primer quart d&#8217;hora de partit.<\/span><\/p>\n<p style=\"text-align: justify;\"><span style=\"color: #000000;\">Per\u00f2 els jugadors entrenats per Carlos Mart\u00ednez i Jos\u00e9 Manuel \u00abPecas\u00bb reaccionaven i Alberto L\u00f3pez en dues ocasions empatava el partit abans del descans.<\/span><\/p>\n<p style=\"text-align: justify;\"><span style=\"color: #000000;\">A la segona part, la tend\u00e8ncia es capgirava per als de la Fundaci\u00f3 Grama i seria Sergio Pereira qui avant\u00e7ava als locals. El Roureda empataria a 3-3 i quan restaven sis minuts Sergio P\u00e9rez tornava a donar aventatja al conjunt de Santa Coloma qui tornaria a veure com li empataven a l&#8217;\u00faltim minut de partit.<\/span><\/p>\n<p style=\"text-align: justify;\"><span style=\"color: #000000;\">El conjunt de la Fundaci\u00f3 Grama es mant\u00e8 amb aquest resultat per\u00f2 a la novena posici\u00f3 de la classificaci\u00f3 amb 29 punts.<\/span><\/p>\n<p style=\"text-align: justify;\"><span style=\"color: #000000;\">Amb aquests punts segueix a prop el numer\u00f2s grup d&#8217;equips amb m\u00e9s de 30 punts que arriben fins la quarta posici\u00f3 amb L&#8217;Esquerre de L&#8217;Eixample amb 39 punts.<\/span><\/p>\n<p style=\"text-align: justify;\"><span style=\"color: #000000;\">Aix\u00ed doncs el conjunt de Santa Coloma descansar\u00e0 a la jornada 25.<\/span><\/p>\n<p style=\"text-align: justify;\"><span style=\"color: #000000;\">[divider]<\/span><\/p>\n<p style=\"text-align: justify;\"><span style=\"color: #000000;\">[button color=\u00bbblue\u00bb size=\u00bbsmall\u00bb link=\u00bbhttp:\/\/www.fcf.cat\/pnfg\/NFG_CmpJornada?cod_primaria=1000120&amp;CodCompeticion=18473252&amp;CodGrupo=18559830&amp;CodTemporada=9&amp;CodJornada=13&#8243; target=\u00bbblank\u00bb ]Resultats[\/button]<\/span><\/p>\n<p style=\"text-align: justify;\"><span style=\"color: #000000;\">[button color=\u00bbblue\u00bb size=\u00bbsmall\u00bb link=\u00bbhttp:\/\/www.fcf.cat\/pnfg\/NPcd\/NFG_VisClasificacion?cod_primaria=1000120&amp;codgrupo=18559830&amp;codcompeticion=18473252&#8243; target=\u00bbblank\u00bb ]Classificaci\u00f3[\/button]<\/span><\/p>\n<p style=\"text-align: justify;\"><span style=\"color: #000000;\">El Primer Equipo de la Fundaci\u00f3n Grama logra un empate ante la visita del Robledo por 4-4 .<\/span><\/p>\n<p style=\"text-align: justify;\"><span style=\"color: #000000;\">El equipo de la Fundaci\u00f3n Grama enfrentaba a rival directo al que lleva s\u00f3lo un punto y que s&#8217;avant\u00e7ava el marcador del Nou Municipal con dos goles antes del primer cuarto de hora de partido .<\/span><\/p>\n<p style=\"text-align: justify;\"><span style=\"color: #000000;\">Pero los jugadores entrenados por Carlos Mart\u00ednez y Jos\u00e9 Manuel \u00bb Pecas \u00bb reaccionaban y Alberto L\u00f3pez en dos ocasiones empataba el partido antes del descanso .<\/span><\/p>\n<p style=\"text-align: justify;\"><span style=\"color: #000000;\">En la segunda parte , la tendencia se daba la vuelta para los de la Fundaci\u00f3n Grama y ser\u00eda Sergio Pereira quien adelant\u00e1ndose a los locales. El Robledal empatar\u00eda a 3-3 y cuando quedaban seis minutos Sergio P\u00e9rez volv\u00eda a dar aventaja al conjunto de Santa Coloma que volver\u00eda a ver c\u00f3mo le empataban en el \u00faltimo minuto de partido .<\/span><\/p>\n<p style=\"text-align: justify;\"><span style=\"color: #000000;\">El conjunto de la Fundaci\u00f3n Grama se mantiene con este resultado pero en la novena posici\u00f3n de la clasificaci\u00f3n con 29 puntos .<\/span><\/p>\n<p style=\"text-align: justify;\"><span style=\"color: #000000;\">Con estos puntos sigue de cerca el n\u00fameros grupo de equipos con m\u00e1s de 30 puntos que llegan hasta la cuarta posici\u00f3n con La Izquierda del Eixample con 39 puntos .<\/span><\/p>\n<p style=\"text-align: justify;\"><span style=\"color: #000000;\">As\u00ed pues el conjunto de Santa Coloma descansar\u00e1 en la jornada 25 .<\/span><\/p>\n<p style=\"text-align: justify;\"><span style=\"color: #000000;\"><strong>\u00a0Visca l&#8217;Esperit Grama!!!<\/strong><\/span><\/p>\n","protected":false},"excerpt":{"rendered":"<p>El Primer Equip de la Fundaci\u00f3 Grama aconsegueix un empat davant la visita del Roureda per 4-4. L&#8217;equip de la Fundaci\u00f3 Grama s&#8217;enfrontava a rival directe a qui porta nom\u00e8s un punt i que s&#8217;avant\u00e7ava al marcador del Nou Municipal amb dos gols abans del primer quart d&#8217;hora de partit. Per\u00f2 els jugadors entrenats per [&hellip;]<\/p>\n","protected":false},"author":1,"featured_media":0,"comment_status":"closed","ping_status":"closed","sticky":false,"template":"","format":"standard","meta":{"footnotes":""},"categories":[4,5],"tags":[],"class_list":["post-3101","post","type-post","status-publish","format-standard","hentry","category-base-inclusiu","category-primer-equip"],"_links":{"self":[{"href":"http:\/\/fegrama.cat\/web\/wp-json\/wp\/v2\/posts\/3101","targetHints":{"allow":["GET"]}}],"collection":[{"href":"http:\/\/fegrama.cat\/web\/wp-json\/wp\/v2\/posts"}],"about":[{"href":"http:\/\/fegrama.cat\/web\/wp-json\/wp\/v2\/types\/post"}],"author":[{"embeddable":true,"href":"http:\/\/fegrama.cat\/web\/wp-json\/wp\/v2\/users\/1"}],"replies":[{"embeddable":true,"href":"http:\/\/fegrama.cat\/web\/wp-json\/wp\/v2\/comments?post=3101"}],"version-history":[{"count":1,"href":"http:\/\/fegrama.cat\/web\/wp-json\/wp\/v2\/posts\/3101\/revisions"}],"predecessor-version":[{"id":3104,"href":"http:\/\/fegrama.cat\/web\/wp-json\/wp\/v2\/posts\/3101\/revisions\/3104"}],"wp:attachment":[{"href":"http:\/\/fegrama.cat\/web\/wp-json\/wp\/v2\/media?parent=3101"}],"wp:term":[{"taxonomy":"category","embeddable":true,"href":"http:\/\/fegrama.cat\/web\/wp-json\/wp\/v2\/categories?post=3101"},{"taxonomy":"post_tag","embeddable":true,"href":"http:\/\/fegrama.cat\/web\/wp-json\/wp\/v2\/tags?post=3101"}],"curies":[{"name":"wp","href":"https:\/\/api.w.org\/{rel}","templated":true}]}}