{"id":3091,"date":"2014-04-04T08:45:02","date_gmt":"2014-04-04T06:45:02","guid":{"rendered":"http:\/\/fegrama.cat\/web\/?p=3091"},"modified":"2014-04-03T20:28:08","modified_gmt":"2014-04-03T18:28:08","slug":"linfantil-b-fegrama-es-desplacara-dissabte-al-municipal-de-bufala","status":"publish","type":"post","link":"http:\/\/fegrama.cat\/web\/linfantil-b-fegrama-es-desplacara-dissabte-al-municipal-de-bufala\/","title":{"rendered":"L&#8217;Infantil B FEGrama es despla\u00e7ar\u00e0 dissabte al Municipal de Bufal\u00e0"},"content":{"rendered":"<p style=\"text-align: justify;\"><span style=\"color: #000000;\">El conjunt dirigit per Rafa Avil\u00e9s i Ram\u00f3n Dom\u00ednguez\u00a0s\u00f3n nom\u00e8s a tres punts del l\u00edder, l&#8217;Escola P\u00eda Sarri\u00e0, a qui vam guanyar per 5-0 el 23 de febrer passat al Nou Municipal de Santa Coloma.<\/span><\/p>\n<p style=\"text-align: justify;\"><span style=\"color: #000000;\">Aquest partit de la jornada \u00a022, els nois de la Fundaci\u00f3 Grama, segons amb 49 punts, <strong>\u00a0es despla\u00e7aran al Municipal de Bufal\u00e0 el dissabte 5 d&#8217;abril des de les 10:15 hores.<\/strong>\u00a0 Tamb\u00e9 tenen previst de jugar contra el Neurofutbol, vuit\u00e8 amb 31 punts, el pr\u00f2xim dijous 10 d&#8217;abril \u00a0des de les 18:45hores.<\/span><\/p>\n<p style=\"text-align: justify;\"><span style=\"color: #000000;\">[divider]<\/span><\/p>\n<p style=\"text-align: justify;\"><span style=\"color: #000000;\">[button color=\u00bbblue\u00bb size=\u00bbsmall\u00bb link=\u00bbhttp:\/\/www.fcf.cat\/pnfg\/NFG_CmpJornada?cod_primaria=1000120&amp;CodCompeticion=18473303&amp;CodGrupo=18577695&amp;CodTemporada=9&amp;CodJornada=10&#8243; target=\u00bbblank\u00bb ]Resultats[\/button]<\/span><\/p>\n<p style=\"text-align: justify;\"><span style=\"color: #000000;\">[button color=\u00bbblue\u00bb size=\u00bbsmall\u00bb link=\u00bbhttp:\/\/www.fcf.cat\/pnfg\/NPcd\/NFG_VisClasificacion?cod_primaria=1000120&amp;codgrupo=18577695&amp;codcompeticion=18473303&#8243; target=\u00bbblank\u00bb ]Classificaci\u00f3[\/button]<\/span><\/p>\n<p style=\"text-align: justify;\"><span style=\"color: #000000;\">El conjunto dirigido por Rafa Avil\u00e9s y Ram\u00f3n Dom\u00ednguez son s\u00f3lo a tres puntos del l\u00edder, la Escuela P\u00eda Sarri\u00e0, a quien gan\u00f3 por 5-0 el 23 de febrero en el Nou Municipal de Santa Coloma.<\/span><\/p>\n<p style=\"text-align: justify;\"><span style=\"color: #000000;\">Este partido de la jornada 22, los chicos de la Fundaci\u00f3n Grama, seg\u00fan con 49 puntos, se desplazar\u00e1n al Municipal de Bufal\u00e0 el s\u00e1bado 5 de abril desde las 10:15 horas. Tambi\u00e9n tienen previsto jugar contra el Neurofutbol, octavo con 31 puntos, el pr\u00f3ximo jueves 10 de abril desde las 18:45 horas.<\/span><\/p>\n<p style=\"text-align: justify;\"><span style=\"color: #000000;\"><strong>Visca l&#8217;Esperit Grama!!!<\/strong><\/span><\/p>\n","protected":false},"excerpt":{"rendered":"<p>El conjunt dirigit per Rafa Avil\u00e9s i Ram\u00f3n Dom\u00ednguez\u00a0s\u00f3n nom\u00e8s a tres punts del l\u00edder, l&#8217;Escola P\u00eda Sarri\u00e0, a qui vam guanyar per 5-0 el 23 de febrer passat al Nou Municipal de Santa Coloma. Aquest partit de la jornada \u00a022, els nois de la Fundaci\u00f3 Grama, segons amb 49 punts, \u00a0es despla\u00e7aran al Municipal [&hellip;]<\/p>\n","protected":false},"author":1,"featured_media":0,"comment_status":"closed","ping_status":"closed","sticky":false,"template":"","format":"standard","meta":{"footnotes":""},"categories":[4,9],"tags":[],"class_list":["post-3091","post","type-post","status-publish","format-standard","hentry","category-base-inclusiu","category-infantils"],"_links":{"self":[{"href":"http:\/\/fegrama.cat\/web\/wp-json\/wp\/v2\/posts\/3091","targetHints":{"allow":["GET"]}}],"collection":[{"href":"http:\/\/fegrama.cat\/web\/wp-json\/wp\/v2\/posts"}],"about":[{"href":"http:\/\/fegrama.cat\/web\/wp-json\/wp\/v2\/types\/post"}],"author":[{"embeddable":true,"href":"http:\/\/fegrama.cat\/web\/wp-json\/wp\/v2\/users\/1"}],"replies":[{"embeddable":true,"href":"http:\/\/fegrama.cat\/web\/wp-json\/wp\/v2\/comments?post=3091"}],"version-history":[{"count":4,"href":"http:\/\/fegrama.cat\/web\/wp-json\/wp\/v2\/posts\/3091\/revisions"}],"predecessor-version":[{"id":3199,"href":"http:\/\/fegrama.cat\/web\/wp-json\/wp\/v2\/posts\/3091\/revisions\/3199"}],"wp:attachment":[{"href":"http:\/\/fegrama.cat\/web\/wp-json\/wp\/v2\/media?parent=3091"}],"wp:term":[{"taxonomy":"category","embeddable":true,"href":"http:\/\/fegrama.cat\/web\/wp-json\/wp\/v2\/categories?post=3091"},{"taxonomy":"post_tag","embeddable":true,"href":"http:\/\/fegrama.cat\/web\/wp-json\/wp\/v2\/tags?post=3091"}],"curies":[{"name":"wp","href":"https:\/\/api.w.org\/{rel}","templated":true}]}}