{"id":30904,"date":"2022-05-28T22:38:51","date_gmt":"2022-05-28T21:38:51","guid":{"rendered":"http:\/\/fegrama.cat\/web\/?p=30904"},"modified":"2022-05-28T22:38:51","modified_gmt":"2022-05-28T21:38:51","slug":"historic-som-de-divisio-dhonor-0-2","status":"publish","type":"post","link":"http:\/\/fegrama.cat\/web\/historic-som-de-divisio-dhonor-0-2\/","title":{"rendered":"HIST\u00d2RIC!! SOM DE DIVISI\u00d3 D&#8217;HONOR!! (0-2)"},"content":{"rendered":"\n<div class=\"wp-block-image\"><figure class=\"aligncenter size-large\"><img loading=\"lazy\" decoding=\"async\" width=\"1024\" height=\"768\" src=\"https:\/\/fegrama.cat\/web\/wp-content\/uploads\/2022\/05\/ascensoDH.jpg\" alt=\"\" class=\"wp-image-30908\" srcset=\"http:\/\/fegrama.cat\/web\/wp-content\/uploads\/2022\/05\/ascensoDH.jpg 1024w, http:\/\/fegrama.cat\/web\/wp-content\/uploads\/2022\/05\/ascensoDH-300x225.jpg 300w, http:\/\/fegrama.cat\/web\/wp-content\/uploads\/2022\/05\/ascensoDH-768x576.jpg 768w\" sizes=\"auto, (max-width: 1024px) 100vw, 1024px\" \/><\/figure><\/div>\n\n\n\n<p>Cita amb la hist\u00f2ria al Municipal de Cornell\u00e0. El Juvenil A de la Fundaci\u00f3 Esportiva Grama depenia de si mateixa per aconseguir l&#8217;ascens a Divisi\u00f3 d&#8217;Honor i no va fallar. Tampoc va fallar la seva afici\u00f3, milers de gramanetista (uns 1300 a les grades) van tenyir de blau l&#8217;estadi. La FE Grama vol agrair l&#8217;esfor\u00e7 per despla\u00e7ar-se i animar els nois. El marcador final va ser de 0-2 per a qu\u00e8 15 anys despr\u00e9s Santa Coloma de Gramenet torni a tenir un juvenil a Divisi\u00f3 d&#8217;Honor.<\/p>\n\n\n\n<p>Gran arrencada de partit per part del Cornell\u00e0, no es jugaven res per\u00f2 van sortir forts a buscar la vict\u00f2ria. La primera ocasi\u00f3 va ser de color verd amb un cop de cap. Va intentar reaccionar la Grama sense aconseguir rematar i de nou van ser els locals els que van ficar la por al cos.<\/p>\n\n\n\n<p>Amb el pas dels minuts es van anar igualant les forces, i a poc a poc la Grama va anar agafant el tim\u00f3 del partit. Al 20\u2032 van avisar els colomencs amb una pilota fregant el pal. Set m\u00e9s tard Merino amb una gran rosca des de la frontal va topar amb una gran aturada del porter local.<\/p>\n\n\n\n<div class=\"wp-block-image\"><figure class=\"aligncenter size-large\"><img loading=\"lazy\" decoding=\"async\" width=\"1024\" height=\"683\" src=\"https:\/\/fegrama.cat\/web\/wp-content\/uploads\/2022\/05\/IMG_4812-1024x683.jpg\" alt=\"\" class=\"wp-image-30912\" srcset=\"http:\/\/fegrama.cat\/web\/wp-content\/uploads\/2022\/05\/IMG_4812-1024x683.jpg 1024w, http:\/\/fegrama.cat\/web\/wp-content\/uploads\/2022\/05\/IMG_4812-300x200.jpg 300w, http:\/\/fegrama.cat\/web\/wp-content\/uploads\/2022\/05\/IMG_4812-768x512.jpg 768w, http:\/\/fegrama.cat\/web\/wp-content\/uploads\/2022\/05\/IMG_4812-1536x1024.jpg 1536w, http:\/\/fegrama.cat\/web\/wp-content\/uploads\/2022\/05\/IMG_4812-2048x1365.jpg 2048w\" sizes=\"auto, (max-width: 1024px) 100vw, 1024px\" \/><\/figure><\/div>\n\n\n\n<p>La Grama tornaria a tenir una altra oportunitat per avan\u00e7ar-se, per\u00f2 es va resistir arribant al descans sense gols (0-0). Despr\u00e9s del descans Manu Pel\u00e1ez donaria entrada a Bafode per Oliver i al minut de reprendre&#8217;s el joc va arribar el primer gol. Un bon xut de Marc Pelaz era rebutjat pel porter i reblat a gol per Pau Mata (0-1).<\/p>\n\n\n\n<p>La Grama posava peu i mig a Divisi\u00f3 d&#8217;Honor per\u00f2 quedava molt partit per endavant. La reacci\u00f3 local va ser immediata amb un gol anul\u00b7lat per fora de joc, tamb\u00e9 a la Grama n&#8217;anul\u00b7larien un. Els colomencs van perdonar el segon en botes de Bafode, Darling i Pau, mentre el Cornell\u00e0 va estavellar una pilota al travesser.<\/p>\n\n\n\n<p>La defensa de la Grama va ser un aut\u00e8ntic mur frenant els molts intents d&#8217;atac dels locals que no es van relaxar en cap moment arribant als sis minuts d&#8217;afegit amb 0-1. Al minut 94 la Grama tancava el partit amb un contraatac que Bafode despr\u00e9s d&#8217;introduir-se a l&#8217;\u00e0rea marcava el definitiu 0-2.<\/p>\n\n\n\n<p>Temporada excel\u00b7lent del Juvenil A. ENHORABONA A TOTS ELS COMPONENTS. GR\u00c0CIES AFICI\u00d3 PER DESPLA\u00c7AR-VOS A CORNELL\u00c0.<\/p>\n\n\n\n<div class=\"wp-block-image\"><figure class=\"aligncenter size-large\"><img loading=\"lazy\" decoding=\"async\" width=\"1024\" height=\"768\" src=\"http:\/\/fegrama.cat\/web\/wp-content\/uploads\/2022\/05\/JUVENILASCENSDH-1024x768.jpg\" alt=\"\" class=\"wp-image-30909\" srcset=\"http:\/\/fegrama.cat\/web\/wp-content\/uploads\/2022\/05\/JUVENILASCENSDH-1024x768.jpg 1024w, http:\/\/fegrama.cat\/web\/wp-content\/uploads\/2022\/05\/JUVENILASCENSDH-300x225.jpg 300w, http:\/\/fegrama.cat\/web\/wp-content\/uploads\/2022\/05\/JUVENILASCENSDH-768x576.jpg 768w, http:\/\/fegrama.cat\/web\/wp-content\/uploads\/2022\/05\/JUVENILASCENSDH-1536x1152.jpg 1536w, http:\/\/fegrama.cat\/web\/wp-content\/uploads\/2022\/05\/JUVENILASCENSDH.jpg 2048w\" sizes=\"auto, (max-width: 1024px) 100vw, 1024px\" \/><\/figure><\/div>\n\n\n\n<p>Cita con la historia en el Municipal de Cornell\u00e0. El Juvenil A de la Fundaci\u00f3 Esportiva Grama depend\u00eda de s\u00ed misma para lograr el ascenso a Divisi\u00f3n de Honor y no fall\u00f3. Tampoco fall\u00f3 su afici\u00f3n, miles de gramanetista (unos 1300 en las gradas) ti\u00f1eron de azul el estadio. La FE Grama quiere agradecer el esfuerzo para desplazarse y animar a los chicos. El marcador final fue de 0-2 para que 15 a\u00f1os despu\u00e9s Santa Coloma de Gramenet vuelva a tener un juvenil en Divisi\u00f3n de Honor.<\/p>\n\n\n\n<p>Gran arranque de partido por parte del Cornell\u00e0, no se jugaban nada pero salieron fuertes a por la victoria. La primera ocasi\u00f3n fue de color verde con un cabezazo. Intent\u00f3 reaccionar la Grama sin lograr rematar y de nuevo fueron los locales quienes metieron el miedo en el cuerpo.<\/p>\n\n\n\n<p>Con el paso de los minutos se fueron igualando las fuerzas, y poco a poco la Grama fue cogiendo el tim\u00f3n del partido. En el 20&#8242; avisaron los colomenses con un bal\u00f3n rozando el palo. Siete m\u00e1s tarde Merino con una gran rosca desde la frontal se top\u00f3 con un parad\u00f3n del portero local.<\/p>\n\n\n\n<p>La Grama volver\u00eda a tener otra oportunidad para adelantarse pero se resisti\u00f3 llegando al descanso sin goles (0-0). Tras el descanso Manu Pel\u00e1ez dar\u00eda entrada a Bafode por Oliver y al minuto de reanudarse el juego lleg\u00f3 el primer gol. Un buen chut de Marc Pelaz era rechazado por el portero y remachado a gol por Pau Mata (0-1). <\/p>\n\n\n\n<p>La Grama pon\u00eda pie y medio en Divisi\u00f3n de Honor pero quedaba mucho partido por delante. La reacci\u00f3n local fue inmediata con un gol anulado por fuera de juego, tambi\u00e9n a la Grama le anular\u00edan uno. Los colomenses perdonaron el segundo en botas de Bafode, Darling y Pau, mientras el Cornell\u00e0 estrell\u00f3 un bal\u00f3n en el larguero.<\/p>\n\n\n\n<p>La defensa de la Grama fue un aut\u00e9ntico muro frenando los muchos intentos de ataque de lo locales que no se relajaron en ningun momento llegando a los seis minutos de a\u00f1adido con 0-1. En el minuto 94 la Grama cerraba el partido con un contraataque que Bafode tras introducirse al \u00e1rea marcaba el definitivo 0-2.<\/p>\n\n\n\n<p>Temporada sobresaliente del Juvenil A. ENHORABUENA A TODOS LOS COMPONENTES. GRACIAS AFICI\u00d3N POR DESPLAZAROS A CORNELL\u00c0.<\/p>\n","protected":false},"excerpt":{"rendered":"<p>Cita amb la hist\u00f2ria al Municipal de Cornell\u00e0. El Juvenil A de la Fundaci\u00f3 Esportiva Grama depenia de si mateixa per aconseguir l&#8217;ascens a Divisi\u00f3 d&#8217;Honor i no va fallar. Tampoc va fallar la seva afici\u00f3, milers de gramanetista (uns 1300 a les grades) van tenyir de blau l&#8217;estadi. La FE Grama vol agrair l&#8217;esfor\u00e7 [&hellip;]<\/p>\n","protected":false},"author":1,"featured_media":30908,"comment_status":"closed","ping_status":"closed","sticky":false,"template":"","format":"standard","meta":{"footnotes":""},"categories":[4,6,14,15],"tags":[],"class_list":["post-30904","post","type-post","status-publish","format-standard","has-post-thumbnail","hentry","category-base-inclusiu","category-juvenils","category-noticies","category-noticies-destacades"],"_links":{"self":[{"href":"http:\/\/fegrama.cat\/web\/wp-json\/wp\/v2\/posts\/30904","targetHints":{"allow":["GET"]}}],"collection":[{"href":"http:\/\/fegrama.cat\/web\/wp-json\/wp\/v2\/posts"}],"about":[{"href":"http:\/\/fegrama.cat\/web\/wp-json\/wp\/v2\/types\/post"}],"author":[{"embeddable":true,"href":"http:\/\/fegrama.cat\/web\/wp-json\/wp\/v2\/users\/1"}],"replies":[{"embeddable":true,"href":"http:\/\/fegrama.cat\/web\/wp-json\/wp\/v2\/comments?post=30904"}],"version-history":[{"count":5,"href":"http:\/\/fegrama.cat\/web\/wp-json\/wp\/v2\/posts\/30904\/revisions"}],"predecessor-version":[{"id":30913,"href":"http:\/\/fegrama.cat\/web\/wp-json\/wp\/v2\/posts\/30904\/revisions\/30913"}],"wp:featuredmedia":[{"embeddable":true,"href":"http:\/\/fegrama.cat\/web\/wp-json\/wp\/v2\/media\/30908"}],"wp:attachment":[{"href":"http:\/\/fegrama.cat\/web\/wp-json\/wp\/v2\/media?parent=30904"}],"wp:term":[{"taxonomy":"category","embeddable":true,"href":"http:\/\/fegrama.cat\/web\/wp-json\/wp\/v2\/categories?post=30904"},{"taxonomy":"post_tag","embeddable":true,"href":"http:\/\/fegrama.cat\/web\/wp-json\/wp\/v2\/tags?post=30904"}],"curies":[{"name":"wp","href":"https:\/\/api.w.org\/{rel}","templated":true}]}}