{"id":30887,"date":"2022-05-23T10:55:47","date_gmt":"2022-05-23T09:55:47","guid":{"rendered":"http:\/\/fegrama.cat\/web\/?p=30887"},"modified":"2022-05-23T10:55:48","modified_gmt":"2022-05-23T09:55:48","slug":"el-juvenil-a-guanya-al-barca-1-0-davant-dun-municipal-ple","status":"publish","type":"post","link":"http:\/\/fegrama.cat\/web\/el-juvenil-a-guanya-al-barca-1-0-davant-dun-municipal-ple\/","title":{"rendered":"El Juvenil A guanya al Bar\u00e7a (1-0) davant d&#8217;un Municipal ple"},"content":{"rendered":"\n<figure class=\"wp-block-image size-large\"><img loading=\"lazy\" decoding=\"async\" width=\"1024\" height=\"682\" src=\"https:\/\/fegrama.cat\/web\/wp-content\/uploads\/2022\/05\/IMG-20220522-WA0023-1024x682.jpg\" alt=\"\" class=\"wp-image-30892\" srcset=\"http:\/\/fegrama.cat\/web\/wp-content\/uploads\/2022\/05\/IMG-20220522-WA0023-1024x682.jpg 1024w, http:\/\/fegrama.cat\/web\/wp-content\/uploads\/2022\/05\/IMG-20220522-WA0023-300x200.jpg 300w, http:\/\/fegrama.cat\/web\/wp-content\/uploads\/2022\/05\/IMG-20220522-WA0023-768x512.jpg 768w, http:\/\/fegrama.cat\/web\/wp-content\/uploads\/2022\/05\/IMG-20220522-WA0023-1536x1023.jpg 1536w, http:\/\/fegrama.cat\/web\/wp-content\/uploads\/2022\/05\/IMG-20220522-WA0023.jpg 1600w\" sizes=\"auto, (max-width: 1024px) 100vw, 1024px\" \/><\/figure>\n\n\n\n<p>Els jugadors del Juvenil A van respondre al reclam, i el Nou Municipal de la Grama es va vestir de gala per veure el triomf dels colomencs en el seu \u00faltim partit com a locals. Els de Manu Pel\u00e1ez van sucumbir a tot un FC Barcelona (1-0), per acostar-se una mica m\u00e9s al somni de l&#8217;ascens.<\/p>\n\n\n\n<p>El partit va comen\u00e7ar amb una Grama molt intensa i amb les idees molt clares des del primer moment. Els de Santa Coloma estrenyien molt amunt i ni la intensa calor que feia podrien amb les ganes de guanyar. El Bar\u00e7a patia per circular i comen\u00e7aven els locals aproximar-se a l&#8217;\u00e0rea rival.<\/p>\n\n\n\n<p>Primer Oliver i despr\u00e9s Pau Mata tenien dues ocasions clares per avan\u00e7ar-se al marcador per\u00f2 totes dues eren ben aturades pel porter blaugrana. I al minut 35 i despr\u00e9s d&#8217;una acci\u00f3 a pilota aturada, V\u00edctor Tortajada era enderrocat dins de l&#8217;\u00e0rea. Penal que el mateix Torjada materialitzava amb fredor. Ara si el Bar\u00e7a s&#8217;estirava que gaudia d&#8217;una bona ocasi\u00f3, per\u00f2 el xut de Cristo sortia desviat. S&#8217;arribava al descans amb 1-0.<\/p>\n\n\n\n<div class=\"wp-block-image\"><figure class=\"aligncenter size-large\"><img loading=\"lazy\" decoding=\"async\" width=\"1024\" height=\"682\" src=\"https:\/\/fegrama.cat\/web\/wp-content\/uploads\/2022\/05\/IMG-20220522-WA0019-1024x682.jpg\" alt=\"\" class=\"wp-image-30891\" srcset=\"http:\/\/fegrama.cat\/web\/wp-content\/uploads\/2022\/05\/IMG-20220522-WA0019-1024x682.jpg 1024w, http:\/\/fegrama.cat\/web\/wp-content\/uploads\/2022\/05\/IMG-20220522-WA0019-300x200.jpg 300w, http:\/\/fegrama.cat\/web\/wp-content\/uploads\/2022\/05\/IMG-20220522-WA0019-768x512.jpg 768w, http:\/\/fegrama.cat\/web\/wp-content\/uploads\/2022\/05\/IMG-20220522-WA0019-1536x1023.jpg 1536w, http:\/\/fegrama.cat\/web\/wp-content\/uploads\/2022\/05\/IMG-20220522-WA0019.jpg 1600w\" sizes=\"auto, (max-width: 1024px) 100vw, 1024px\" \/><\/figure><\/div>\n\n\n\n<p>A la represa, mateixa t\u00f2nica, la Grama anava a buscar els barcelonistes al seu propi camp i els posava en dificultats. Una Fundaci\u00f3 que dominava el partit i cercava el segon. Al minut 70, jugada pol\u00e8mica, on l&#8217;extrem Pau Mata era clarament enderrocat dins de l&#8217;\u00e0rea i el col\u00b7legiat no assenyalava res.<\/p>\n\n\n\n<p>Despr\u00e9s d&#8217;aix\u00f2 el Bar\u00e7a feia un pas endavant i obligava els blaus a baixar l\u00ednies, tocava patir. Miki sota pals treia una de les poques aproximacions que va tenir el conjunt culer. Es defensaven els de Manu Pel\u00e1ez ajuntant molt les l\u00ednies. I amb 1-0 s&#8217;arribava al final.<\/p>\n\n\n\n<p>El Juvenil A es jugar\u00e0 l&#8217;ascens a Cornell\u00e0 davant un rival que no es jugar\u00e0 res per\u00f2 ho posar\u00e0 igual de complicat que tots.<\/p>\n\n\n\n<div class=\"wp-block-image\"><figure class=\"aligncenter size-large\"><img loading=\"lazy\" decoding=\"async\" width=\"1024\" height=\"682\" src=\"https:\/\/fegrama.cat\/web\/wp-content\/uploads\/2022\/05\/IMG-20220522-WA0025-1024x682.jpg\" alt=\"\" class=\"wp-image-30890\" srcset=\"http:\/\/fegrama.cat\/web\/wp-content\/uploads\/2022\/05\/IMG-20220522-WA0025-1024x682.jpg 1024w, http:\/\/fegrama.cat\/web\/wp-content\/uploads\/2022\/05\/IMG-20220522-WA0025-300x200.jpg 300w, http:\/\/fegrama.cat\/web\/wp-content\/uploads\/2022\/05\/IMG-20220522-WA0025-768x512.jpg 768w, http:\/\/fegrama.cat\/web\/wp-content\/uploads\/2022\/05\/IMG-20220522-WA0025-1536x1023.jpg 1536w, http:\/\/fegrama.cat\/web\/wp-content\/uploads\/2022\/05\/IMG-20220522-WA0025.jpg 1600w\" sizes=\"auto, (max-width: 1024px) 100vw, 1024px\" \/><\/figure><\/div>\n\n\n\n<p>Los jugadores del Juvenil A respondieron al reclamo, y el Nou Municipal de la Grama se visti\u00f3 de gala para ver el triunfo de los colomenses en su \u00faltimo partido como locales. Los de Manu Pel\u00e1ez sucumbieron a todo un FC Barcelona (1-0), para acercarse un poco m\u00e1s al sue\u00f1o del ascenso.<\/p>\n\n\n\n<p>El partido empez\u00f3 con una Grama muy intensa y con las ideas muy claras desde el primer momento. Los de Santa Coloma apretaban muy arriba y ni la intensa calor que hac\u00eda podr\u00edan con las ganas de ganar. Sufr\u00eda el Bar\u00e7a para circular y empezaban los locales aproximarse al \u00e1rea rival. <\/p>\n\n\n\n<p>Primero Oliver y despu\u00e9s Pau Mata ten\u00edan dos ocasiones claras para adelantarse en el marcador pero ambas eran bien atajadas por el guardameta blaugrana. Y en el minuto 35 y tras una acci\u00f3n a bal\u00f3n parada, V\u00edctor Tortajada era derribado dentro del \u00e1rea. Penalti que el mismo Torjada materializaba con frialdad. Ahora si se estiraba el Bar\u00e7a que gozaba de una buena ocasi\u00f3n, pero el chut de Cristo sal\u00eda desviado. Se llegaba al descanso con 1-0.<\/p>\n\n\n\n<p>En la reanudaci\u00f3n, misma t\u00f3nica, la Grama iba a buscar a los barcelonistas a su propio campo y los pon\u00eda en apuros. Una Fundaci\u00f3 que dominaba el partido y que buscaba el segundo. En el minuto 70, jugada pol\u00e9mica, donde el extremo Pau Mata era claramente derribado dentro del \u00e1rea y el colegiado no se\u00f1alaba nada. <\/p>\n\n\n\n<p>Tras eso el Bar\u00e7a daba un paso adelante y obligaba a los azules a bajar l\u00edneas, tocaba sufrir. Miki bajo palos sacaba una de las pocas aproximaciones que tuvo el conjunto cul\u00e9. Se defend\u00edan los de Manu Pel\u00e1ez juntando mucho las l\u00edneas. Y con 1-0 se llegaba al final.<\/p>\n\n\n\n<p>El Juvenil A se jugara el ascenso en Cornell\u00e0 ante un rival que no se jugar\u00e1 nada pero lo pondr\u00e1 igual de complicado que todos.<\/p>\n","protected":false},"excerpt":{"rendered":"<p>Els jugadors del Juvenil A van respondre al reclam, i el Nou Municipal de la Grama es va vestir de gala per veure el triomf dels colomencs en el seu \u00faltim partit com a locals. Els de Manu Pel\u00e1ez van sucumbir a tot un FC Barcelona (1-0), per acostar-se una mica m\u00e9s al somni de [&hellip;]<\/p>\n","protected":false},"author":1,"featured_media":30890,"comment_status":"closed","ping_status":"closed","sticky":false,"template":"","format":"standard","meta":{"footnotes":""},"categories":[4,6,14,15],"tags":[],"class_list":["post-30887","post","type-post","status-publish","format-standard","has-post-thumbnail","hentry","category-base-inclusiu","category-juvenils","category-noticies","category-noticies-destacades"],"_links":{"self":[{"href":"http:\/\/fegrama.cat\/web\/wp-json\/wp\/v2\/posts\/30887","targetHints":{"allow":["GET"]}}],"collection":[{"href":"http:\/\/fegrama.cat\/web\/wp-json\/wp\/v2\/posts"}],"about":[{"href":"http:\/\/fegrama.cat\/web\/wp-json\/wp\/v2\/types\/post"}],"author":[{"embeddable":true,"href":"http:\/\/fegrama.cat\/web\/wp-json\/wp\/v2\/users\/1"}],"replies":[{"embeddable":true,"href":"http:\/\/fegrama.cat\/web\/wp-json\/wp\/v2\/comments?post=30887"}],"version-history":[{"count":3,"href":"http:\/\/fegrama.cat\/web\/wp-json\/wp\/v2\/posts\/30887\/revisions"}],"predecessor-version":[{"id":30893,"href":"http:\/\/fegrama.cat\/web\/wp-json\/wp\/v2\/posts\/30887\/revisions\/30893"}],"wp:featuredmedia":[{"embeddable":true,"href":"http:\/\/fegrama.cat\/web\/wp-json\/wp\/v2\/media\/30890"}],"wp:attachment":[{"href":"http:\/\/fegrama.cat\/web\/wp-json\/wp\/v2\/media?parent=30887"}],"wp:term":[{"taxonomy":"category","embeddable":true,"href":"http:\/\/fegrama.cat\/web\/wp-json\/wp\/v2\/categories?post=30887"},{"taxonomy":"post_tag","embeddable":true,"href":"http:\/\/fegrama.cat\/web\/wp-json\/wp\/v2\/tags?post=30887"}],"curies":[{"name":"wp","href":"https:\/\/api.w.org\/{rel}","templated":true}]}}