{"id":30883,"date":"2022-05-23T09:46:05","date_gmt":"2022-05-23T08:46:05","guid":{"rendered":"http:\/\/fegrama.cat\/web\/?p=30883"},"modified":"2022-05-23T09:46:09","modified_gmt":"2022-05-23T08:46:09","slug":"gran-victoria-dels-inclusius-6-2","status":"publish","type":"post","link":"http:\/\/fegrama.cat\/web\/gran-victoria-dels-inclusius-6-2\/","title":{"rendered":"Gran vict\u00f2ria dels Inclusius (6-2)"},"content":{"rendered":"\n<p>El nostre equip Inclusiu va obtenir una nova vict\u00f2ria davant del Terrassa el mat\u00ed del divendres dia 20 al Pavell\u00f3 de La Bastida. El resultat final va ser de 6-2.<\/p>\n\n\n\n<p>El partit va estar controlat en tot moment pels colomencs. Tanta va ser la superioritat que l&#8217;entrenador local va fer moltes rotacions perqu\u00e8 els jugadors amb menys minuts al llarg de la temporada gaudissin de molts minuts de joc.<\/p>\n\n\n\n<p>A falta de la darrera jornada de lliga la Grama \u00e9s primera empatada a punts amb Cornell\u00e0. Finalitzaran la temporada al camp del Manresa el proper dijous dia 2 de juny.<\/p>\n\n\n\n<div class=\"wp-block-image\"><figure class=\"aligncenter size-large\"><img loading=\"lazy\" decoding=\"async\" width=\"1024\" height=\"768\" src=\"https:\/\/fegrama.cat\/web\/wp-content\/uploads\/2022\/05\/WhatsApp-Image-2022-05-21-at-11.52.35-AM-1024x768.jpeg\" alt=\"\" class=\"wp-image-30885\" srcset=\"http:\/\/fegrama.cat\/web\/wp-content\/uploads\/2022\/05\/WhatsApp-Image-2022-05-21-at-11.52.35-AM-1024x768.jpeg 1024w, http:\/\/fegrama.cat\/web\/wp-content\/uploads\/2022\/05\/WhatsApp-Image-2022-05-21-at-11.52.35-AM-300x225.jpeg 300w, http:\/\/fegrama.cat\/web\/wp-content\/uploads\/2022\/05\/WhatsApp-Image-2022-05-21-at-11.52.35-AM-768x576.jpeg 768w, http:\/\/fegrama.cat\/web\/wp-content\/uploads\/2022\/05\/WhatsApp-Image-2022-05-21-at-11.52.35-AM-1536x1152.jpeg 1536w, http:\/\/fegrama.cat\/web\/wp-content\/uploads\/2022\/05\/WhatsApp-Image-2022-05-21-at-11.52.35-AM.jpeg 2048w\" sizes=\"auto, (max-width: 1024px) 100vw, 1024px\" \/><\/figure><\/div>\n\n\n\n<p>Nuestro equipo Inclusivo obtuvo una nueva victoria frente al Terrassa en la ma\u00f1ana del viernes d\u00eda 20 en el Pabell\u00f3n de La Bastida. El resultado final fue de 6-2.<\/p>\n\n\n\n<p>El partido estuvo controlado en todo momento por los colomenses. Tanta fue la superioridad que el entrenador local realiz\u00f3 muchas rotaciones para que los jugadores con menos minutos a lo largo de la temporada disfrutaran de muchos minutos de juego. <\/p>\n\n\n\n<p>A falta de la \u00faltima jornada de liga la Grama es primera empatada a puntos con Cornell\u00e1. Finalizar\u00e1n la temporada en el campo del Manresa el pr\u00f3ximo jueves d\u00eda 2 de junio.<\/p>\n","protected":false},"excerpt":{"rendered":"<p>El nostre equip Inclusiu va obtenir una nova vict\u00f2ria davant del Terrassa el mat\u00ed del divendres dia 20 al Pavell\u00f3 de La Bastida. El resultat final va ser de 6-2. El partit va estar controlat en tot moment pels colomencs. Tanta va ser la superioritat que l&#8217;entrenador local va fer moltes rotacions perqu\u00e8 els jugadors [&hellip;]<\/p>\n","protected":false},"author":1,"featured_media":30885,"comment_status":"closed","ping_status":"closed","sticky":false,"template":"","format":"standard","meta":{"footnotes":""},"categories":[4,1256],"tags":[],"class_list":["post-30883","post","type-post","status-publish","format-standard","has-post-thumbnail","hentry","category-base-inclusiu","category-inclusiu"],"_links":{"self":[{"href":"http:\/\/fegrama.cat\/web\/wp-json\/wp\/v2\/posts\/30883","targetHints":{"allow":["GET"]}}],"collection":[{"href":"http:\/\/fegrama.cat\/web\/wp-json\/wp\/v2\/posts"}],"about":[{"href":"http:\/\/fegrama.cat\/web\/wp-json\/wp\/v2\/types\/post"}],"author":[{"embeddable":true,"href":"http:\/\/fegrama.cat\/web\/wp-json\/wp\/v2\/users\/1"}],"replies":[{"embeddable":true,"href":"http:\/\/fegrama.cat\/web\/wp-json\/wp\/v2\/comments?post=30883"}],"version-history":[{"count":2,"href":"http:\/\/fegrama.cat\/web\/wp-json\/wp\/v2\/posts\/30883\/revisions"}],"predecessor-version":[{"id":30886,"href":"http:\/\/fegrama.cat\/web\/wp-json\/wp\/v2\/posts\/30883\/revisions\/30886"}],"wp:featuredmedia":[{"embeddable":true,"href":"http:\/\/fegrama.cat\/web\/wp-json\/wp\/v2\/media\/30885"}],"wp:attachment":[{"href":"http:\/\/fegrama.cat\/web\/wp-json\/wp\/v2\/media?parent=30883"}],"wp:term":[{"taxonomy":"category","embeddable":true,"href":"http:\/\/fegrama.cat\/web\/wp-json\/wp\/v2\/categories?post=30883"},{"taxonomy":"post_tag","embeddable":true,"href":"http:\/\/fegrama.cat\/web\/wp-json\/wp\/v2\/tags?post=30883"}],"curies":[{"name":"wp","href":"https:\/\/api.w.org\/{rel}","templated":true}]}}