{"id":30869,"date":"2022-05-16T10:16:29","date_gmt":"2022-05-16T09:16:29","guid":{"rendered":"http:\/\/fegrama.cat\/web\/?p=30869"},"modified":"2022-05-16T10:16:31","modified_gmt":"2022-05-16T09:16:31","slug":"linfantil-b-campio-de-lliga-i-ascens-a-primera-divisio","status":"publish","type":"post","link":"http:\/\/fegrama.cat\/web\/linfantil-b-campio-de-lliga-i-ascens-a-primera-divisio\/","title":{"rendered":"L\u2019Infantil B campi\u00f3 de lliga i ascens a Primera Divisi\u00f3"},"content":{"rendered":"\n<p>L&#8217;Infantil B va sumar la vict\u00f2ria n\u00famero 24 en 26 partits disputats. El 0-9 davant el CF Bufal\u00e0 els servia per proclamar-se campions de lliga mancant encara tres jornades per a la conclusi\u00f3.<\/p>\n\n\n\n<p>Els colomencs aconsegueixen aix\u00ed tamb\u00e9 l&#8217;ascens a primera divisi\u00f3. La Grama segueix invicta amb 24 vict\u00f2ries i 2 empats, a m\u00e9s porta un total de 225 gols marcats a la lliga i nom\u00e9s han encaixat 20 gols.<\/p>\n\n\n\n<p>Una temporada per emmarcar aquest equip\u00e0s. Enhorabona!<\/p>\n\n\n\n<div class=\"wp-block-image\"><figure class=\"aligncenter size-large\"><img loading=\"lazy\" decoding=\"async\" width=\"1024\" height=\"683\" src=\"https:\/\/fegrama.cat\/web\/wp-content\/uploads\/2022\/05\/IMG-20220515-WA0032-1024x683.jpg\" alt=\"\" class=\"wp-image-30871\" srcset=\"http:\/\/fegrama.cat\/web\/wp-content\/uploads\/2022\/05\/IMG-20220515-WA0032-1024x683.jpg 1024w, http:\/\/fegrama.cat\/web\/wp-content\/uploads\/2022\/05\/IMG-20220515-WA0032-300x200.jpg 300w, http:\/\/fegrama.cat\/web\/wp-content\/uploads\/2022\/05\/IMG-20220515-WA0032-768x512.jpg 768w, http:\/\/fegrama.cat\/web\/wp-content\/uploads\/2022\/05\/IMG-20220515-WA0032-1536x1024.jpg 1536w, http:\/\/fegrama.cat\/web\/wp-content\/uploads\/2022\/05\/IMG-20220515-WA0032.jpg 2048w\" sizes=\"auto, (max-width: 1024px) 100vw, 1024px\" \/><figcaption>Foto: Carlos P\u00e9rez<\/figcaption><\/figure><\/div>\n\n\n\n<p>El Infantil B sum\u00f3 su victoria n\u00famero 24 en 26 partidos disputados. El 0-9 ante el CF Bufal\u00e0 les serv\u00eda para proclamarse campeones de liga a falta de todav\u00eda tres jornadas para la conclusi\u00f3n.<\/p>\n\n\n\n<p>Los colomenses logran as\u00ed tambi\u00e9n el ascenso a primera divisi\u00f3n. La Grama sigue invicta con 24 victorias y 2 empates, adem\u00e1s lleva un total de 225 goles marcados en liga y solo han encajado 20 goles.<\/p>\n\n\n\n<p>Una temporada para enmarcar de este equipazo. \u00a1Enhorabuena!<\/p>\n","protected":false},"excerpt":{"rendered":"<p>L&#8217;Infantil B va sumar la vict\u00f2ria n\u00famero 24 en 26 partits disputats. El 0-9 davant el CF Bufal\u00e0 els servia per proclamar-se campions de lliga mancant encara tres jornades per a la conclusi\u00f3. Els colomencs aconsegueixen aix\u00ed tamb\u00e9 l&#8217;ascens a primera divisi\u00f3. La Grama segueix invicta amb 24 vict\u00f2ries i 2 empats, a m\u00e9s porta [&hellip;]<\/p>\n","protected":false},"author":1,"featured_media":30871,"comment_status":"closed","ping_status":"closed","sticky":false,"template":"","format":"standard","meta":{"footnotes":""},"categories":[4,9,14],"tags":[],"class_list":["post-30869","post","type-post","status-publish","format-standard","has-post-thumbnail","hentry","category-base-inclusiu","category-infantils","category-noticies"],"_links":{"self":[{"href":"http:\/\/fegrama.cat\/web\/wp-json\/wp\/v2\/posts\/30869","targetHints":{"allow":["GET"]}}],"collection":[{"href":"http:\/\/fegrama.cat\/web\/wp-json\/wp\/v2\/posts"}],"about":[{"href":"http:\/\/fegrama.cat\/web\/wp-json\/wp\/v2\/types\/post"}],"author":[{"embeddable":true,"href":"http:\/\/fegrama.cat\/web\/wp-json\/wp\/v2\/users\/1"}],"replies":[{"embeddable":true,"href":"http:\/\/fegrama.cat\/web\/wp-json\/wp\/v2\/comments?post=30869"}],"version-history":[{"count":2,"href":"http:\/\/fegrama.cat\/web\/wp-json\/wp\/v2\/posts\/30869\/revisions"}],"predecessor-version":[{"id":30872,"href":"http:\/\/fegrama.cat\/web\/wp-json\/wp\/v2\/posts\/30869\/revisions\/30872"}],"wp:featuredmedia":[{"embeddable":true,"href":"http:\/\/fegrama.cat\/web\/wp-json\/wp\/v2\/media\/30871"}],"wp:attachment":[{"href":"http:\/\/fegrama.cat\/web\/wp-json\/wp\/v2\/media?parent=30869"}],"wp:term":[{"taxonomy":"category","embeddable":true,"href":"http:\/\/fegrama.cat\/web\/wp-json\/wp\/v2\/categories?post=30869"},{"taxonomy":"post_tag","embeddable":true,"href":"http:\/\/fegrama.cat\/web\/wp-json\/wp\/v2\/tags?post=30869"}],"curies":[{"name":"wp","href":"https:\/\/api.w.org\/{rel}","templated":true}]}}