{"id":30864,"date":"2022-05-16T09:36:17","date_gmt":"2022-05-16T08:36:17","guid":{"rendered":"http:\/\/fegrama.cat\/web\/?p=30864"},"modified":"2022-05-16T09:36:18","modified_gmt":"2022-05-16T08:36:18","slug":"els-petits-de-les-escoles-continuen-creixent-en-tots-els-aspectes","status":"publish","type":"post","link":"http:\/\/fegrama.cat\/web\/els-petits-de-les-escoles-continuen-creixent-en-tots-els-aspectes\/","title":{"rendered":"Els petits de les Escoles continuen creixent en tots els aspectes."},"content":{"rendered":"\n<p><strong>Premier 4 &#8211; Escola Grama \u201cA\u201d 6\u00a0<\/strong><\/p>\n\n\n\n<p>Els nostres petits de la\u00a0Escuelita\u00a0\u201cA\u201d van jugar el seu partit de visitants en el municipal Vel\u00f2drom de\u00a0Horta, molt intens i disputat per tots dos equips.<br><br>Els de la\u00a0Grama\u00a0van demostrar el seu coratge, la bona feina en equip i el respecte cap als rivals, com sempre un gran partit per als assistents al camp, albirant talent cap al futur en totes dues esquadres.<br><br>Tornem a dir que els petitons cada vegada m\u00e9s creixen en tots els aspectes: humans i esportius, a l&#8217;escola ve el planter del club.<\/p>\n\n\n\n<p><\/p>\n\n\n\n<hr class=\"wp-block-separator\"\/>\n\n\n\n<p><\/p>\n\n\n\n<p><strong>Premier 4 &#8211; Escuela Grama \u201cA\u201d 6\u00a0<\/strong><\/p>\n\n\n\n<p>Nuestros peque\u00f1os de la Escuelita \u201cA\u201d jugaron su partido de visitantes en el municipal Vel\u00f3dromo de Horta, muy intenso y disputado por ambos equipos.<\/p>\n\n\n\n<p>Los de la Grama demostraron su coraje, el buen trabajo en equipo y el respeto hacia los rivales, como siempre un gran partido para los asistentes al campo, vislumbrando talento hacia el futuro en ambas escuadras.<\/p>\n\n\n\n<p>Volvemos a decir que los peque\u00f1itos cada vez m\u00e1s crecen en todos los aspectos: humanos y deportivos, en la escuela viene el semillero del club.<\/p>\n\n\n\n<p><\/p>\n\n\n\n<hr class=\"wp-block-separator is-style-wide\"\/>\n\n\n\n<p><\/p>\n\n\n\n<p><strong>Escola Grama \u201cB\u201d 2 &#8211; Sistrells 5<\/strong><\/p>\n\n\n\n<p>Ara s\u00ed que s\u00ed, els m\u00e9s petits de la\u00a0Grama\u00a0van jugar un\u00a0PARTID\u00c0S\u00a0amb totes les lletres!<br><br>Malgrat estar justos amb tan sols set jugadors, els de la\u00a0Grama\u00a0van fer un gran partit demostrant el coratge, la valentia, l&#8217;esfor\u00e7 i el treball col\u00b7lectiu.<br><br>Gr\u00e0cies al treball en conjunt van arribar els gols d&#8217;Iker i\u00a0Rami, que malgrat no donar la vict\u00f2ria van ser incre\u00efbles.<br><br>En la quarta part els petits ja cansats van rebre els gols dels contraris que anaven perdent.<br><br>Volem fer un esment especial al porter Aaron que el va fer molt b\u00e9! <br>Una felicitaci\u00f3 tamb\u00e9 per als petitons de la\u00a0Grama\u00a0que van jugar el millor que van poder, la qual cosa va ser reconegut per tots els assistents al camp.<\/p>\n\n\n\n<p><\/p>\n\n\n\n<hr class=\"wp-block-separator\"\/>\n\n\n\n<p><\/p>\n\n\n\n<p><strong>Escuela Grama \u201cB\u201d 2 &#8211; Sistrells 5<\/strong><\/p>\n\n\n\n<p>Ahora s\u00ed que s\u00ed, los m\u00e1s peque\u00f1os de la Grama jugaron un PARTIDAZO \u00a1con todas las letras!<\/p>\n\n\n\n<p>A pesar de estar justos con tan solo siete jugadores, los de la Grama hicieron un gran partido demostrando el coraje, la valent\u00eda, el esfuerzo y el trabajo colectivo.<\/p>\n\n\n\n<p>Gracias al trabajo en conjunto llegaron los goles de Iker y Rami, que a pesar de no dar la victoria fueron incre\u00edbles.&nbsp;<\/p>\n\n\n\n<p>En la cuarta parte los peque\u00f1os ya cansados recibieron los goles de los contrarios que iban perdiendo.<\/p>\n\n\n\n<p>Queremos hacer una menci\u00f3n especial al portero Aaron que lo hizo muy bien! Una felicitaci\u00f3n tambi\u00e9n para los peque\u00f1itos de la grama que jugaron lo mejor que pudieron, lo que fue reconocido por todos los asistentes al campo.<\/p>\n","protected":false},"excerpt":{"rendered":"<p>Premier 4 &#8211; Escola Grama \u201cA\u201d 6\u00a0 Els nostres petits de la\u00a0Escuelita\u00a0\u201cA\u201d van jugar el seu partit de visitants en el municipal Vel\u00f2drom de\u00a0Horta, molt intens i disputat per tots dos equips. Els de la\u00a0Grama\u00a0van demostrar el seu coratge, la bona feina en equip i el respecte cap als rivals, com sempre un gran partit [&hellip;]<\/p>\n","protected":false},"author":1,"featured_media":30546,"comment_status":"closed","ping_status":"closed","sticky":false,"template":"","format":"standard","meta":{"footnotes":""},"categories":[4,33],"tags":[],"class_list":["post-30864","post","type-post","status-publish","format-standard","has-post-thumbnail","hentry","category-base-inclusiu","category-escola-diari-feg"],"_links":{"self":[{"href":"http:\/\/fegrama.cat\/web\/wp-json\/wp\/v2\/posts\/30864","targetHints":{"allow":["GET"]}}],"collection":[{"href":"http:\/\/fegrama.cat\/web\/wp-json\/wp\/v2\/posts"}],"about":[{"href":"http:\/\/fegrama.cat\/web\/wp-json\/wp\/v2\/types\/post"}],"author":[{"embeddable":true,"href":"http:\/\/fegrama.cat\/web\/wp-json\/wp\/v2\/users\/1"}],"replies":[{"embeddable":true,"href":"http:\/\/fegrama.cat\/web\/wp-json\/wp\/v2\/comments?post=30864"}],"version-history":[{"count":1,"href":"http:\/\/fegrama.cat\/web\/wp-json\/wp\/v2\/posts\/30864\/revisions"}],"predecessor-version":[{"id":30865,"href":"http:\/\/fegrama.cat\/web\/wp-json\/wp\/v2\/posts\/30864\/revisions\/30865"}],"wp:featuredmedia":[{"embeddable":true,"href":"http:\/\/fegrama.cat\/web\/wp-json\/wp\/v2\/media\/30546"}],"wp:attachment":[{"href":"http:\/\/fegrama.cat\/web\/wp-json\/wp\/v2\/media?parent=30864"}],"wp:term":[{"taxonomy":"category","embeddable":true,"href":"http:\/\/fegrama.cat\/web\/wp-json\/wp\/v2\/categories?post=30864"},{"taxonomy":"post_tag","embeddable":true,"href":"http:\/\/fegrama.cat\/web\/wp-json\/wp\/v2\/tags?post=30864"}],"curies":[{"name":"wp","href":"https:\/\/api.w.org\/{rel}","templated":true}]}}