{"id":30858,"date":"2022-05-15T15:38:34","date_gmt":"2022-05-15T14:38:34","guid":{"rendered":"http:\/\/fegrama.cat\/web\/?p=30858"},"modified":"2022-05-15T15:38:34","modified_gmt":"2022-05-15T14:38:34","slug":"la-grama-cau-al-derbi-pero-segueix-a-posicions-dascens-3-0","status":"publish","type":"post","link":"http:\/\/fegrama.cat\/web\/la-grama-cau-al-derbi-pero-segueix-a-posicions-dascens-3-0\/","title":{"rendered":"La Grama cau al derbi per\u00f2 segueix a posicions d&#8217;ascens (3-0)"},"content":{"rendered":"\n<p>El Juvenil A de la Fundaci\u00f3 Esportiva Grama va perdre el derbi davant d&#8217;un CF Badalona que durant diverses fases del partit va ser millor i va saber millorar millor les emocions aconseguint un 3-0.<\/p>\n\n\n\n<div class=\"wp-block-image\"><figure class=\"aligncenter size-large\"><img loading=\"lazy\" decoding=\"async\" width=\"1024\" height=\"768\" src=\"https:\/\/fegrama.cat\/web\/wp-content\/uploads\/2022\/05\/IMG_20220514_155757-1024x768.jpg\" alt=\"\" class=\"wp-image-30861\" srcset=\"http:\/\/fegrama.cat\/web\/wp-content\/uploads\/2022\/05\/IMG_20220514_155757-1024x768.jpg 1024w, http:\/\/fegrama.cat\/web\/wp-content\/uploads\/2022\/05\/IMG_20220514_155757-300x225.jpg 300w, http:\/\/fegrama.cat\/web\/wp-content\/uploads\/2022\/05\/IMG_20220514_155757-768x576.jpg 768w, http:\/\/fegrama.cat\/web\/wp-content\/uploads\/2022\/05\/IMG_20220514_155757-1536x1152.jpg 1536w, http:\/\/fegrama.cat\/web\/wp-content\/uploads\/2022\/05\/IMG_20220514_155757-2048x1536.jpg 2048w\" sizes=\"auto, (max-width: 1024px) 100vw, 1024px\" \/><\/figure><\/div>\n\n\n\n<p>El partit comen\u00e7ava amb dos equips mantenint-se el respecte, un Badalona m\u00e9s dominador de la pilota, i una Grama prement amunt i intentant incomodar el rival. Poques arribades a l&#8217;\u00e0rea en els primers 15 minuts de partit, va ser el Badalona qui en una passada llarga a esquena de la defensa colomenca deixava m\u00e0 a m\u00e0 el davanter Walid amb Pablo i la rematada picada per sobre del porter s&#8217;estavellava amb el travesser.<\/p>\n\n\n\n<p>Avisava el conjunt local, que 10 minuts despr\u00e9s feia l&#8217;1-0. Un altre cop Walid, ara si despr\u00e9s d&#8217;una centrada lateral, empenyia la pilota al fons de la xarxa. Intentava reaccionar la Grama, per\u00f2 no era la seva tarda. El conjunt de Manu Pel\u00e1ez va estar molt imprec\u00eds i t\u00edmid, era un equip irreconeixible.<\/p>\n\n\n\n<p>A la segona meitat van realitzar tres canvis els de Santa Coloma per intentar donar frescor i equilibrar el domini de la pilota. Comen\u00e7ava b\u00e9 la Grama que ara si tenia m\u00e9s pilota i feia retrocedir l\u00ednies al Badalona. Un Badalona que baixava el bloc i es defensava per transitar. Precisament en una d&#8217;aquestes transicions arribaria el 2-0, contraatac r\u00e0pid que el pitxitxi Marc Velasco aprofita per enviar un centre a la xarxa.<\/p>\n\n\n\n<p>Es posava costa amunt el matx per\u00f2 tot i aix\u00ed els de colomencs no abaixaven els bra\u00e7os. Iker Merino dues vegades posava en dificultats el porter local, i el migcampista Marc Pelaz enviava una pilota al pal. Per\u00f2 quan m\u00e9s s&#8217;acostava la Grama al 2-1, una nova contra del Badalona servia perqu\u00e8 Elhadjji fes el 3-0. Derrota del nostre Juvenil A que malgrat aix\u00f2 es mant\u00e9 en posicions d&#8217;ascens mancant 2 jornades.<\/p>\n\n\n\n<div class=\"wp-block-image\"><figure class=\"aligncenter size-large\"><img loading=\"lazy\" decoding=\"async\" width=\"1024\" height=\"768\" src=\"https:\/\/fegrama.cat\/web\/wp-content\/uploads\/2022\/05\/IMG_20220514_155722-1024x768.jpg\" alt=\"\" class=\"wp-image-30860\" srcset=\"http:\/\/fegrama.cat\/web\/wp-content\/uploads\/2022\/05\/IMG_20220514_155722-1024x768.jpg 1024w, http:\/\/fegrama.cat\/web\/wp-content\/uploads\/2022\/05\/IMG_20220514_155722-300x225.jpg 300w, http:\/\/fegrama.cat\/web\/wp-content\/uploads\/2022\/05\/IMG_20220514_155722-768x576.jpg 768w, http:\/\/fegrama.cat\/web\/wp-content\/uploads\/2022\/05\/IMG_20220514_155722-1536x1152.jpg 1536w, http:\/\/fegrama.cat\/web\/wp-content\/uploads\/2022\/05\/IMG_20220514_155722-2048x1536.jpg 2048w\" sizes=\"auto, (max-width: 1024px) 100vw, 1024px\" \/><\/figure><\/div>\n\n\n\n<p>El Juvenil A de la Fundaci\u00f3 Esportiva Grama perdi\u00f3 el derbi ante un CF Badalona que durante varias fases del partido fue mejor y supo mejorar mejor las emociones logrando un 3-0.<\/p>\n\n\n\n<p>El partido empezaba con dos equipos manteni\u00e9ndose el respeto, un Badalona m\u00e1s dominador del bal\u00f3n, y una Grama apretando arriba e intentando incomodar al rival. Pocas llegadas al \u00e1rea en los primeros 15 min de partido, fue el Badalona quien en un pase largo a espaldas de la defensa colomense dejaba mano a mano al delantero Walid con Pablo y el remate picado por encima del guardameta daba en el larguero. <\/p>\n\n\n\n<p>Avisaba el conjunto local, que 10 minutos despu\u00e9s hac\u00eda el 1-0. De nuevo Walid, ahora si tras un centro lateral, empujaba el bal\u00f3n al fondo de la red. Intentaba reaccionar la Grama pero no era su tarde. El conjunto de Manu Pel\u00e1ez estuvo muy impreciso y t\u00edmido, era un equipo irreconocible.\u00a0<\/p>\n\n\n\n<p>En la segunda mitad realizaron tres cambios los de Santa Coloma para intentar dar frescura y equilibrar el dominio del bal\u00f3n. Empezaba bien la Grama que ahora si ten\u00eda m\u00e1s bal\u00f3n y hac\u00eda retroceder l\u00edneas al Badalona. Un Badalona que bajaba el bloque y se defend\u00eda para transitar. Precisamente en una de estas transiciones llegar\u00eda el 2-0, contragolpe r\u00e1pido que el pichichi Marc Velasco aprovecha para enviar un centro a la red. <\/p>\n\n\n\n<p>Se pon\u00eda cuesta arriba el match pero a\u00fan as\u00ed los de colomenses no bajaban los brazo. Iker Merino en dos ocasiones pon\u00eda en apuros al guardameta local, y el centrocampista Marc Pelaz enviaba un bal\u00f3n al poste. Pero cuando m\u00e1s se acercaba la Grama al 2-1, una nueva contra del Badalona serv\u00eda para que Elhadjji hiciera el 3-0. Derrota de nuestro Juvenil A que pese a ello se mantiene en posiciones de ascenso a falta de 2 jornadas.<\/p>\n","protected":false},"excerpt":{"rendered":"<p>El Juvenil A de la Fundaci\u00f3 Esportiva Grama va perdre el derbi davant d&#8217;un CF Badalona que durant diverses fases del partit va ser millor i va saber millorar millor les emocions aconseguint un 3-0. El partit comen\u00e7ava amb dos equips mantenint-se el respecte, un Badalona m\u00e9s dominador de la pilota, i una Grama prement [&hellip;]<\/p>\n","protected":false},"author":1,"featured_media":30861,"comment_status":"closed","ping_status":"closed","sticky":false,"template":"","format":"standard","meta":{"footnotes":""},"categories":[4,6,14],"tags":[],"class_list":["post-30858","post","type-post","status-publish","format-standard","has-post-thumbnail","hentry","category-base-inclusiu","category-juvenils","category-noticies"],"_links":{"self":[{"href":"http:\/\/fegrama.cat\/web\/wp-json\/wp\/v2\/posts\/30858","targetHints":{"allow":["GET"]}}],"collection":[{"href":"http:\/\/fegrama.cat\/web\/wp-json\/wp\/v2\/posts"}],"about":[{"href":"http:\/\/fegrama.cat\/web\/wp-json\/wp\/v2\/types\/post"}],"author":[{"embeddable":true,"href":"http:\/\/fegrama.cat\/web\/wp-json\/wp\/v2\/users\/1"}],"replies":[{"embeddable":true,"href":"http:\/\/fegrama.cat\/web\/wp-json\/wp\/v2\/comments?post=30858"}],"version-history":[{"count":2,"href":"http:\/\/fegrama.cat\/web\/wp-json\/wp\/v2\/posts\/30858\/revisions"}],"predecessor-version":[{"id":30862,"href":"http:\/\/fegrama.cat\/web\/wp-json\/wp\/v2\/posts\/30858\/revisions\/30862"}],"wp:featuredmedia":[{"embeddable":true,"href":"http:\/\/fegrama.cat\/web\/wp-json\/wp\/v2\/media\/30861"}],"wp:attachment":[{"href":"http:\/\/fegrama.cat\/web\/wp-json\/wp\/v2\/media?parent=30858"}],"wp:term":[{"taxonomy":"category","embeddable":true,"href":"http:\/\/fegrama.cat\/web\/wp-json\/wp\/v2\/categories?post=30858"},{"taxonomy":"post_tag","embeddable":true,"href":"http:\/\/fegrama.cat\/web\/wp-json\/wp\/v2\/tags?post=30858"}],"curies":[{"name":"wp","href":"https:\/\/api.w.org\/{rel}","templated":true}]}}