{"id":30855,"date":"2022-05-09T18:36:41","date_gmt":"2022-05-09T17:36:41","guid":{"rendered":"http:\/\/fegrama.cat\/web\/?p=30855"},"modified":"2022-05-09T18:36:42","modified_gmt":"2022-05-09T17:36:42","slug":"derrota-pel-cadet-c-contra-els-segons","status":"publish","type":"post","link":"http:\/\/fegrama.cat\/web\/derrota-pel-cadet-c-contra-els-segons\/","title":{"rendered":"Derrota pel Cadet \u00abC\u00bb contra els segons."},"content":{"rendered":"\n<p><strong>Cadet \u201cC\u201d 0 &#8211; Europa 3<\/strong><\/p>\n\n\n\n<p>Els nois del Cadet \u201cC\u201d van jugar el seu partit contra l&#8217;Europa, l&#8217;equip que va segon en la taula i que es juga l&#8217;ascens. Un partit dif\u00edcil amb baixes importants per part de la\u00a0Grama.<br><br>Al llarg del partit el que es va veure va ser un domini dels nostres, avan\u00e7ant-se en les ocasions per\u00f2 que no acabaven de materialitzar-se. Cal destacar que encara que el partit va estar molt interessant per totes dues parts, els contraris tenien un nivell \u201cqualitatiu\u201d superior, per la qual cosa encara que es van intentar escur\u00e7ar dist\u00e0ncies i es van generar ocasions dels blaus, no s&#8217;acabava d&#8217;arribar al gol.<br><br>Per desgr\u00e0cia, en una acci\u00f3 en la qual el porter de la\u00a0Grama\u00a0estava avan\u00e7at, va venir el tercer gol de l&#8217;Europa sumant un punt als altres dos de la primera part.<br><br>El partit es va jugar b\u00e9 pesi al resultat inflat pels contraris.<\/p>\n\n\n\n<hr class=\"wp-block-separator\"\/>\n\n\n\n<p><\/p>\n\n\n\n<p><strong>Cadete \u201cC\u201d 0 &#8211; Europa 3<\/strong><\/p>\n\n\n\n<p>Los chicos del Cadete \u201cC\u201d jugaron su partido contra el Europa, el equipo que va segundo en la tabla y que se juega el ascenso. Un partido dif\u00edcil con bajas importantes por parte de la Grama.<\/p>\n\n\n\n<p>A lo largo del partido lo que se vio fue un dominio de los nuestros, adelant\u00e1ndose en las ocasiones pero que no acababan de materializarse. Cabe destacar que aunque el partido estuvo muy interesante por ambas partes, los contrarios ten\u00edan un nivel \u201ccualitativo\u201d superior, por lo que aunque se intentaron acortar distancias y se generaron ocasiones de los azules, no se acababa de llegar al gol.&nbsp;<\/p>\n\n\n\n<p>Por desgracia, en una acci\u00f3n en la que el portero de la Grama estaba avanzado, vino el tercer gol del Europa sumando un punto a los otros dos de la primera parte.<\/p>\n\n\n\n<p>El partido se jug\u00f3 bien pese al resultado abultado por los contrarios.<\/p>\n","protected":false},"excerpt":{"rendered":"<p>Cadet \u201cC\u201d 0 &#8211; Europa 3 Els nois del Cadet \u201cC\u201d van jugar el seu partit contra l&#8217;Europa, l&#8217;equip que va segon en la taula i que es juga l&#8217;ascens. Un partit dif\u00edcil amb baixes importants per part de la\u00a0Grama. Al llarg del partit el que es va veure va ser un domini dels nostres, [&hellip;]<\/p>\n","protected":false},"author":1,"featured_media":30221,"comment_status":"closed","ping_status":"closed","sticky":false,"template":"","format":"standard","meta":{"footnotes":""},"categories":[4,7],"tags":[],"class_list":["post-30855","post","type-post","status-publish","format-standard","has-post-thumbnail","hentry","category-base-inclusiu","category-cadets"],"_links":{"self":[{"href":"http:\/\/fegrama.cat\/web\/wp-json\/wp\/v2\/posts\/30855","targetHints":{"allow":["GET"]}}],"collection":[{"href":"http:\/\/fegrama.cat\/web\/wp-json\/wp\/v2\/posts"}],"about":[{"href":"http:\/\/fegrama.cat\/web\/wp-json\/wp\/v2\/types\/post"}],"author":[{"embeddable":true,"href":"http:\/\/fegrama.cat\/web\/wp-json\/wp\/v2\/users\/1"}],"replies":[{"embeddable":true,"href":"http:\/\/fegrama.cat\/web\/wp-json\/wp\/v2\/comments?post=30855"}],"version-history":[{"count":1,"href":"http:\/\/fegrama.cat\/web\/wp-json\/wp\/v2\/posts\/30855\/revisions"}],"predecessor-version":[{"id":30856,"href":"http:\/\/fegrama.cat\/web\/wp-json\/wp\/v2\/posts\/30855\/revisions\/30856"}],"wp:featuredmedia":[{"embeddable":true,"href":"http:\/\/fegrama.cat\/web\/wp-json\/wp\/v2\/media\/30221"}],"wp:attachment":[{"href":"http:\/\/fegrama.cat\/web\/wp-json\/wp\/v2\/media?parent=30855"}],"wp:term":[{"taxonomy":"category","embeddable":true,"href":"http:\/\/fegrama.cat\/web\/wp-json\/wp\/v2\/categories?post=30855"},{"taxonomy":"post_tag","embeddable":true,"href":"http:\/\/fegrama.cat\/web\/wp-json\/wp\/v2\/tags?post=30855"}],"curies":[{"name":"wp","href":"https:\/\/api.w.org\/{rel}","templated":true}]}}