{"id":30849,"date":"2022-05-09T10:22:28","date_gmt":"2022-05-09T09:22:28","guid":{"rendered":"http:\/\/fegrama.cat\/web\/?p=30849"},"modified":"2022-05-09T10:22:28","modified_gmt":"2022-05-09T09:22:28","slug":"golejada-del-juvenil-b","status":"publish","type":"post","link":"http:\/\/fegrama.cat\/web\/golejada-del-juvenil-b\/","title":{"rendered":"Golejada del Juvenil \u00abB\u00bb!"},"content":{"rendered":"\n<p><strong>Juvenil \u201cB\u201d 6 &#8211; Don Bosco 0<\/strong><\/p>\n\n\n\n<p>Un partit molt bo per al nostre equip. En la primera mitja hora de partit \u00e9s on m\u00e9s es va poder observar com els de la\u00a0Grama\u00a0anaven a ser superiors i anaven a guanyar per golejada. Imposant-se davant el rival, el nostre juvenil \u201cB\u201d va acabar amb el resultat de 6 a 0 a casa.<br><br>Cal seguir amb aquest bon joc.<\/p>\n\n\n\n<figure class=\"wp-block-image size-large\"><img loading=\"lazy\" decoding=\"async\" width=\"768\" height=\"1024\" src=\"http:\/\/fegrama.cat\/web\/wp-content\/uploads\/2022\/05\/juvenil-b.jpeg\" alt=\"\" class=\"wp-image-30850\" srcset=\"http:\/\/fegrama.cat\/web\/wp-content\/uploads\/2022\/05\/juvenil-b.jpeg 768w, http:\/\/fegrama.cat\/web\/wp-content\/uploads\/2022\/05\/juvenil-b-225x300.jpeg 225w\" sizes=\"auto, (max-width: 768px) 100vw, 768px\" \/><\/figure>\n\n\n\n<hr class=\"wp-block-separator\"\/>\n\n\n\n<p><\/p>\n\n\n\n<p><strong>Juvenil \u201cB\u201d 6 &#8211; Don Bosco 0<\/strong><\/p>\n\n\n\n<p>Un partido muy bueno para nuestro equipo. En la primera media hora de partido es donde m\u00e1s se pudo observar c\u00f3mo los de la Grama iban a ser superiores e iban a ganar por goleada. Imponi\u00e9ndose ante el rival, nuestro juvenil \u201cB\u201d acab\u00f3 con el resultado de 6 a 0 en casa.&nbsp;<\/p>\n\n\n\n<p>Hay que seguir con este buen juego.<\/p>\n","protected":false},"excerpt":{"rendered":"<p>Juvenil \u201cB\u201d 6 &#8211; Don Bosco 0 Un partit molt bo per al nostre equip. En la primera mitja hora de partit \u00e9s on m\u00e9s es va poder observar com els de la\u00a0Grama\u00a0anaven a ser superiors i anaven a guanyar per golejada. Imposant-se davant el rival, el nostre juvenil \u201cB\u201d va acabar amb el resultat [&hellip;]<\/p>\n","protected":false},"author":1,"featured_media":30850,"comment_status":"closed","ping_status":"closed","sticky":false,"template":"","format":"standard","meta":{"footnotes":""},"categories":[4,6],"tags":[],"class_list":["post-30849","post","type-post","status-publish","format-standard","has-post-thumbnail","hentry","category-base-inclusiu","category-juvenils"],"_links":{"self":[{"href":"http:\/\/fegrama.cat\/web\/wp-json\/wp\/v2\/posts\/30849","targetHints":{"allow":["GET"]}}],"collection":[{"href":"http:\/\/fegrama.cat\/web\/wp-json\/wp\/v2\/posts"}],"about":[{"href":"http:\/\/fegrama.cat\/web\/wp-json\/wp\/v2\/types\/post"}],"author":[{"embeddable":true,"href":"http:\/\/fegrama.cat\/web\/wp-json\/wp\/v2\/users\/1"}],"replies":[{"embeddable":true,"href":"http:\/\/fegrama.cat\/web\/wp-json\/wp\/v2\/comments?post=30849"}],"version-history":[{"count":1,"href":"http:\/\/fegrama.cat\/web\/wp-json\/wp\/v2\/posts\/30849\/revisions"}],"predecessor-version":[{"id":30851,"href":"http:\/\/fegrama.cat\/web\/wp-json\/wp\/v2\/posts\/30849\/revisions\/30851"}],"wp:featuredmedia":[{"embeddable":true,"href":"http:\/\/fegrama.cat\/web\/wp-json\/wp\/v2\/media\/30850"}],"wp:attachment":[{"href":"http:\/\/fegrama.cat\/web\/wp-json\/wp\/v2\/media?parent=30849"}],"wp:term":[{"taxonomy":"category","embeddable":true,"href":"http:\/\/fegrama.cat\/web\/wp-json\/wp\/v2\/categories?post=30849"},{"taxonomy":"post_tag","embeddable":true,"href":"http:\/\/fegrama.cat\/web\/wp-json\/wp\/v2\/tags?post=30849"}],"curies":[{"name":"wp","href":"https:\/\/api.w.org\/{rel}","templated":true}]}}