{"id":30845,"date":"2022-05-09T08:46:26","date_gmt":"2022-05-09T07:46:26","guid":{"rendered":"http:\/\/fegrama.cat\/web\/?p=30845"},"modified":"2022-05-09T08:46:27","modified_gmt":"2022-05-09T07:46:27","slug":"linfantil-b-a-un-pas-de-la-lliga","status":"publish","type":"post","link":"http:\/\/fegrama.cat\/web\/linfantil-b-a-un-pas-de-la-lliga\/","title":{"rendered":"L&#8217;Infantil B a un pas de la lliga"},"content":{"rendered":"\n<p>Partit clau i vict\u00f2ria molt important de l&#8217;Infantil B. Un pas endavant per a pr\u00e0cticament sentenciar la lliga. La vict\u00f2ria per 8-1 davant del tercer classificat posa m\u00e9s de cara el t\u00edtol de lliga per als blaus.<\/p>\n\n\n\n<p>La Grama segueix invicta amb 23 vict\u00f2ries i 2 empats. Queden quatre jornades de les quals en una els toca descans.<\/p>\n\n\n\n<p>Dissabte tenen la possibilitat de proclamar-se campions de lliga a Badalona davant del CF Bufal\u00e0.<\/p>\n\n\n\n<div class=\"wp-block-image\"><figure class=\"aligncenter size-large\"><img loading=\"lazy\" decoding=\"async\" width=\"1024\" height=\"768\" src=\"https:\/\/fegrama.cat\/web\/wp-content\/uploads\/2022\/05\/infantilB-1024x768.jpeg\" alt=\"\" class=\"wp-image-30847\" srcset=\"http:\/\/fegrama.cat\/web\/wp-content\/uploads\/2022\/05\/infantilB-1024x768.jpeg 1024w, http:\/\/fegrama.cat\/web\/wp-content\/uploads\/2022\/05\/infantilB-300x225.jpeg 300w, http:\/\/fegrama.cat\/web\/wp-content\/uploads\/2022\/05\/infantilB-768x576.jpeg 768w, http:\/\/fegrama.cat\/web\/wp-content\/uploads\/2022\/05\/infantilB-1536x1152.jpeg 1536w, http:\/\/fegrama.cat\/web\/wp-content\/uploads\/2022\/05\/infantilB.jpeg 2048w\" sizes=\"auto, (max-width: 1024px) 100vw, 1024px\" \/><\/figure><\/div>\n\n\n\n<p>Partido clave y victoria muy importante del Infantil B. Un paso adelante para pr\u00e1cticamente sentenciar la liga. La victoria por 8-1 ante el tercer clasificado pone m\u00e1s de cara el t\u00edtulo de liga para los azules. <\/p>\n\n\n\n<p>La Grama sigue invicta con 23 victorias y 2 empates. Quedan cuatro jornadas de las cuales en una les toca descanso. <\/p>\n\n\n\n<p>El s\u00e1bado tienen la posibilidad de proclamarse campeones de liga en Badalona ante el CF Bufal\u00e0.<\/p>\n","protected":false},"excerpt":{"rendered":"<p>Partit clau i vict\u00f2ria molt important de l&#8217;Infantil B. Un pas endavant per a pr\u00e0cticament sentenciar la lliga. La vict\u00f2ria per 8-1 davant del tercer classificat posa m\u00e9s de cara el t\u00edtol de lliga per als blaus. La Grama segueix invicta amb 23 vict\u00f2ries i 2 empats. Queden quatre jornades de les quals en una [&hellip;]<\/p>\n","protected":false},"author":1,"featured_media":30847,"comment_status":"closed","ping_status":"closed","sticky":false,"template":"","format":"standard","meta":{"footnotes":""},"categories":[4,9],"tags":[],"class_list":["post-30845","post","type-post","status-publish","format-standard","has-post-thumbnail","hentry","category-base-inclusiu","category-infantils"],"_links":{"self":[{"href":"http:\/\/fegrama.cat\/web\/wp-json\/wp\/v2\/posts\/30845","targetHints":{"allow":["GET"]}}],"collection":[{"href":"http:\/\/fegrama.cat\/web\/wp-json\/wp\/v2\/posts"}],"about":[{"href":"http:\/\/fegrama.cat\/web\/wp-json\/wp\/v2\/types\/post"}],"author":[{"embeddable":true,"href":"http:\/\/fegrama.cat\/web\/wp-json\/wp\/v2\/users\/1"}],"replies":[{"embeddable":true,"href":"http:\/\/fegrama.cat\/web\/wp-json\/wp\/v2\/comments?post=30845"}],"version-history":[{"count":2,"href":"http:\/\/fegrama.cat\/web\/wp-json\/wp\/v2\/posts\/30845\/revisions"}],"predecessor-version":[{"id":30848,"href":"http:\/\/fegrama.cat\/web\/wp-json\/wp\/v2\/posts\/30845\/revisions\/30848"}],"wp:featuredmedia":[{"embeddable":true,"href":"http:\/\/fegrama.cat\/web\/wp-json\/wp\/v2\/media\/30847"}],"wp:attachment":[{"href":"http:\/\/fegrama.cat\/web\/wp-json\/wp\/v2\/media?parent=30845"}],"wp:term":[{"taxonomy":"category","embeddable":true,"href":"http:\/\/fegrama.cat\/web\/wp-json\/wp\/v2\/categories?post=30845"},{"taxonomy":"post_tag","embeddable":true,"href":"http:\/\/fegrama.cat\/web\/wp-json\/wp\/v2\/tags?post=30845"}],"curies":[{"name":"wp","href":"https:\/\/api.w.org\/{rel}","templated":true}]}}