{"id":30841,"date":"2022-05-09T08:35:31","date_gmt":"2022-05-09T07:35:31","guid":{"rendered":"http:\/\/fegrama.cat\/web\/?p=30841"},"modified":"2022-05-09T08:35:32","modified_gmt":"2022-05-09T07:35:32","slug":"lalevi-c-campio-de-lliga-i-ascens-a-primera-divisio","status":"publish","type":"post","link":"http:\/\/fegrama.cat\/web\/lalevi-c-campio-de-lliga-i-ascens-a-primera-divisio\/","title":{"rendered":"L&#8217;Alev\u00ed C campi\u00f3 de lliga i ascens a Primera Divisi\u00f3"},"content":{"rendered":"\n<p>L&#8217;Alev\u00ed C va sumar la seva vict\u00f2ria n\u00famero 25 al mateix nombre de partits jugats. L&#8217;11-0 contra l&#8217;Argentona els servia per proclamar-se campions de lliga mancant encara quatre jornades per a la conclusi\u00f3.<\/p>\n\n\n\n<p>Els colomencs aconsegueixen aix\u00ed tamb\u00e9 l&#8217;ascens a primera divisi\u00f3. La Grama no nom\u00e9s ho ha guanyat tot, tamb\u00e9 est\u00e0 fregant els 200 gols marcats a la lliga (en porten 190) i nom\u00e9s han encaixat 12 gols.<\/p>\n\n\n\n<p>Una temporada per emmarcar dels nostres petits. Enhorabona!<\/p>\n\n\n\n<div class=\"wp-block-image\"><figure class=\"aligncenter size-large\"><img loading=\"lazy\" decoding=\"async\" width=\"1024\" height=\"768\" src=\"https:\/\/fegrama.cat\/web\/wp-content\/uploads\/2022\/05\/DSCN0858-1024x768.jpg\" alt=\"\" class=\"wp-image-30843\" srcset=\"http:\/\/fegrama.cat\/web\/wp-content\/uploads\/2022\/05\/DSCN0858-1024x768.jpg 1024w, http:\/\/fegrama.cat\/web\/wp-content\/uploads\/2022\/05\/DSCN0858-300x225.jpg 300w, http:\/\/fegrama.cat\/web\/wp-content\/uploads\/2022\/05\/DSCN0858-768x576.jpg 768w, http:\/\/fegrama.cat\/web\/wp-content\/uploads\/2022\/05\/DSCN0858-1536x1152.jpg 1536w, http:\/\/fegrama.cat\/web\/wp-content\/uploads\/2022\/05\/DSCN0858-2048x1536.jpg 2048w\" sizes=\"auto, (max-width: 1024px) 100vw, 1024px\" \/><\/figure><\/div>\n\n\n\n<p>El Alev\u00edn C sum\u00f3 su victoria n\u00famero 25 en el mismo n\u00famero de partidos jugados. El 11-0 ante el Argentona les serv\u00eda para proclamarse campeones de liga a falta de todav\u00eda cuatro jornadas para la conclusi\u00f3n. <\/p>\n\n\n\n<p>Los colomenses logran as\u00ed tambi\u00e9n el ascenso a primera divisi\u00f3n. La Grama no solo lo ha ganado todo, tambi\u00e9n esta rozando los 200 goles marcados en liga (llevan 190) y solo han encajado 12 goles. <\/p>\n\n\n\n<p>Una temporada para enmarcar de nuestros peque\u00f1os. \u00a1Enhorabuena!<\/p>\n","protected":false},"excerpt":{"rendered":"<p>L&#8217;Alev\u00ed C va sumar la seva vict\u00f2ria n\u00famero 25 al mateix nombre de partits jugats. L&#8217;11-0 contra l&#8217;Argentona els servia per proclamar-se campions de lliga mancant encara quatre jornades per a la conclusi\u00f3. Els colomencs aconsegueixen aix\u00ed tamb\u00e9 l&#8217;ascens a primera divisi\u00f3. La Grama no nom\u00e9s ho ha guanyat tot, tamb\u00e9 est\u00e0 fregant els 200 [&hellip;]<\/p>\n","protected":false},"author":1,"featured_media":30843,"comment_status":"closed","ping_status":"closed","sticky":false,"template":"","format":"standard","meta":{"footnotes":""},"categories":[10,4,14],"tags":[],"class_list":["post-30841","post","type-post","status-publish","format-standard","has-post-thumbnail","hentry","category-alevins","category-base-inclusiu","category-noticies"],"_links":{"self":[{"href":"http:\/\/fegrama.cat\/web\/wp-json\/wp\/v2\/posts\/30841","targetHints":{"allow":["GET"]}}],"collection":[{"href":"http:\/\/fegrama.cat\/web\/wp-json\/wp\/v2\/posts"}],"about":[{"href":"http:\/\/fegrama.cat\/web\/wp-json\/wp\/v2\/types\/post"}],"author":[{"embeddable":true,"href":"http:\/\/fegrama.cat\/web\/wp-json\/wp\/v2\/users\/1"}],"replies":[{"embeddable":true,"href":"http:\/\/fegrama.cat\/web\/wp-json\/wp\/v2\/comments?post=30841"}],"version-history":[{"count":2,"href":"http:\/\/fegrama.cat\/web\/wp-json\/wp\/v2\/posts\/30841\/revisions"}],"predecessor-version":[{"id":30844,"href":"http:\/\/fegrama.cat\/web\/wp-json\/wp\/v2\/posts\/30841\/revisions\/30844"}],"wp:featuredmedia":[{"embeddable":true,"href":"http:\/\/fegrama.cat\/web\/wp-json\/wp\/v2\/media\/30843"}],"wp:attachment":[{"href":"http:\/\/fegrama.cat\/web\/wp-json\/wp\/v2\/media?parent=30841"}],"wp:term":[{"taxonomy":"category","embeddable":true,"href":"http:\/\/fegrama.cat\/web\/wp-json\/wp\/v2\/categories?post=30841"},{"taxonomy":"post_tag","embeddable":true,"href":"http:\/\/fegrama.cat\/web\/wp-json\/wp\/v2\/tags?post=30841"}],"curies":[{"name":"wp","href":"https:\/\/api.w.org\/{rel}","templated":true}]}}