{"id":30837,"date":"2022-05-08T20:13:47","date_gmt":"2022-05-08T19:13:47","guid":{"rendered":"http:\/\/fegrama.cat\/web\/?p=30837"},"modified":"2022-05-08T20:13:48","modified_gmt":"2022-05-08T19:13:48","slug":"victoria-i-segons-a-la-lliga-2-0","status":"publish","type":"post","link":"http:\/\/fegrama.cat\/web\/victoria-i-segons-a-la-lliga-2-0\/","title":{"rendered":"Vict\u00f2ria i segons a la lliga!! (2-0)"},"content":{"rendered":"\n<p>Partit molt complet del Juvenil A de la FE Grama que en tot moment va saber dominar tots els moments del joc. Una vict\u00f2ria (2-0) contra el Girona B per pujar al segon lloc de la lliga amb tres jornades per al final.<\/p>\n\n\n\n<p>El partit comen\u00e7ava amb un Girona m\u00e9s dominador de la pilota, i una Grama que s&#8217;assentava a poc a poc al camp. Les primeres ocasions serien per als colomencs, amb un xut de Bafode que surt fregant el pal. I al minut 17, despr\u00e9s d&#8217;un c\u00f3rner llan\u00e7at per Mario, el central Iv\u00e1n S\u00e1nchez de cap feia l&#8217;1-0. Arribaven bons minuts dels de Manu Pel\u00e1ez que acorralaven el Girona al seu propi camp, un rival que intentava fer mal buscant les espatlles del conjunt de Santa Coloma.<\/p>\n\n\n\n<p>Corria el minut 44, quan Marc Pelaz en bona jugada individual, servia una bona passada a Pau Mata que dins de l&#8217;\u00e0rea executava de manera mestra i posava el 2-0. Resultat amb qu\u00e8 s&#8217;arribaria al descans.<\/p>\n\n\n\n<p>A la represa bona segona part dels blaus que es van fer amos de la possessi\u00f3 i que van buscar insistentment el tercer golant un Girona que generava \u00fanicament accions de perill a pilota parada. Darling, Oliver i Hernando tenien les ocasions m\u00e9s clares de la segona meitat per\u00f2 dues intervencions del porter visitant i una pilota fregant el travesser evitaven que es mogu\u00e9s el marcador.<\/p>\n\n\n\n<p>2-0 final i un pas m\u00e9s dels de Can Peixauet.<\/p>\n\n\n\n<div class=\"wp-block-image\"><figure class=\"aligncenter size-large\"><img loading=\"lazy\" decoding=\"async\" width=\"1024\" height=\"683\" src=\"https:\/\/fegrama.cat\/web\/wp-content\/uploads\/2022\/05\/IMG_4483-1024x683.jpg\" alt=\"\" class=\"wp-image-30839\" srcset=\"http:\/\/fegrama.cat\/web\/wp-content\/uploads\/2022\/05\/IMG_4483-1024x683.jpg 1024w, http:\/\/fegrama.cat\/web\/wp-content\/uploads\/2022\/05\/IMG_4483-300x200.jpg 300w, http:\/\/fegrama.cat\/web\/wp-content\/uploads\/2022\/05\/IMG_4483-768x512.jpg 768w, http:\/\/fegrama.cat\/web\/wp-content\/uploads\/2022\/05\/IMG_4483-1536x1024.jpg 1536w, http:\/\/fegrama.cat\/web\/wp-content\/uploads\/2022\/05\/IMG_4483-2048x1365.jpg 2048w\" sizes=\"auto, (max-width: 1024px) 100vw, 1024px\" \/><\/figure><\/div>\n\n\n\n<p>Partido muy completo del Juvenil A de la FE Grama que en todo momento supo dominar todos los momentos del juego. Una victoria (2-0) ante el Girona B para subir al segundo puesto de la liga con tres jornadas para el final.<\/p>\n\n\n\n<p>El partido empezaba con un Girona m\u00e1s dominador del bal\u00f3n, y una Grama que se asentaba poco a poco en el campo. Las Primeras ocasiones ser\u00edan para los colomenses, con un chut de Bafode que sale rozando el poste. Y en el minuto 17, tras un c\u00f3rner lanzado por Mario, el central Iv\u00e1n S\u00e1nchez de cabeza hacia el 1-0. Llegaban buenos minutos de los de Manu Pel\u00e1ez que acorralaban al Girona en su propio campo, un rival que intentaba hacer da\u00f1o buscando las espaldas del conjunto de Santa Coloma.<\/p>\n\n\n\n<p>Corr\u00eda el minuto 44 , cuando Marc Pelaz en buena jugada individual, serv\u00eda un buen pase a Pau Mata que dentro del \u00e1rea ejecutaba de manera maestra y pon\u00eda el 2-0. Resultado con el que se llegar\u00eda al descanso.<\/p>\n\n\n\n<p>En la reanudaci\u00f3n buena segunda parte de los azules que se hicieron due\u00f1os de la posesi\u00f3n y que buscaron insistentemente el tercer golante un Girona que generaba \u00fanicamente acciones de peligro a bal\u00f3n parado. Darling, Oliver y Hernando ten\u00edan las ocasiones m\u00e1s claras de la segunda mitad pero dos intervenciones del guardameta visitante y un bal\u00f3n rozando el larguero evitaban que se moviera el marcador. <\/p>\n\n\n\n<p>2-0 final y un paso m\u00e1s de los de Can Peixauet.<\/p>\n","protected":false},"excerpt":{"rendered":"<p>Partit molt complet del Juvenil A de la FE Grama que en tot moment va saber dominar tots els moments del joc. Una vict\u00f2ria (2-0) contra el Girona B per pujar al segon lloc de la lliga amb tres jornades per al final. El partit comen\u00e7ava amb un Girona m\u00e9s dominador de la pilota, i [&hellip;]<\/p>\n","protected":false},"author":1,"featured_media":30839,"comment_status":"closed","ping_status":"closed","sticky":false,"template":"","format":"standard","meta":{"footnotes":""},"categories":[4,6,14],"tags":[],"class_list":["post-30837","post","type-post","status-publish","format-standard","has-post-thumbnail","hentry","category-base-inclusiu","category-juvenils","category-noticies"],"_links":{"self":[{"href":"http:\/\/fegrama.cat\/web\/wp-json\/wp\/v2\/posts\/30837","targetHints":{"allow":["GET"]}}],"collection":[{"href":"http:\/\/fegrama.cat\/web\/wp-json\/wp\/v2\/posts"}],"about":[{"href":"http:\/\/fegrama.cat\/web\/wp-json\/wp\/v2\/types\/post"}],"author":[{"embeddable":true,"href":"http:\/\/fegrama.cat\/web\/wp-json\/wp\/v2\/users\/1"}],"replies":[{"embeddable":true,"href":"http:\/\/fegrama.cat\/web\/wp-json\/wp\/v2\/comments?post=30837"}],"version-history":[{"count":2,"href":"http:\/\/fegrama.cat\/web\/wp-json\/wp\/v2\/posts\/30837\/revisions"}],"predecessor-version":[{"id":30840,"href":"http:\/\/fegrama.cat\/web\/wp-json\/wp\/v2\/posts\/30837\/revisions\/30840"}],"wp:featuredmedia":[{"embeddable":true,"href":"http:\/\/fegrama.cat\/web\/wp-json\/wp\/v2\/media\/30839"}],"wp:attachment":[{"href":"http:\/\/fegrama.cat\/web\/wp-json\/wp\/v2\/media?parent=30837"}],"wp:term":[{"taxonomy":"category","embeddable":true,"href":"http:\/\/fegrama.cat\/web\/wp-json\/wp\/v2\/categories?post=30837"},{"taxonomy":"post_tag","embeddable":true,"href":"http:\/\/fegrama.cat\/web\/wp-json\/wp\/v2\/tags?post=30837"}],"curies":[{"name":"wp","href":"https:\/\/api.w.org\/{rel}","templated":true}]}}