{"id":30830,"date":"2022-05-06T10:32:12","date_gmt":"2022-05-06T09:32:12","guid":{"rendered":"http:\/\/fegrama.cat\/web\/?p=30830"},"modified":"2022-05-06T12:55:40","modified_gmt":"2022-05-06T11:55:40","slug":"manu-pelaez-nou-entrenador-de-la-grama","status":"publish","type":"post","link":"http:\/\/fegrama.cat\/web\/manu-pelaez-nou-entrenador-de-la-grama\/","title":{"rendered":"Manu Pel\u00e1ez, nou entrenador de la Grama"},"content":{"rendered":"\n<p>A la tarda del 06 de maig al Nou Municipal de la Grama va ser presentat Manuel Pel\u00e1ez Ca\u00f1izares com a nou entrenador del Primer Equip de la Fundaci\u00f3 Esportiva Grama. ADN Grama, l&#8217;actual t\u00e8cnic del Juvenil A va aconseguir l&#8217;ascens a Preferent i aquesta temporada est\u00e0 lluitant per l&#8217;ascens a Divisi\u00f3 d&#8217;Honor.<\/p>\n\n\n\n<p>Manu Pel\u00e1ez: \u00abMolt agra\u00eft per l&#8217;oportunitat que se&#8217;m d\u00f3na, s\u00e9 que no \u00e9s f\u00e0cil i \u00e9s valent donar l&#8217;oportunitat a un entrenador del juvenil. Molt satisfet a nivell personal perqu\u00e8 \u00e9s el primer equip de la meva ciutat, com a colomenc molt il\u00b7lusionat. Buscarem l&#8217;ADN de Santa Coloma, un equip valent, que surti a buscar el rival i que ho donin tot fins al final. Des d&#8217;avui treballarem amb en Josep per a tenir una plantilla que il\u00b7lusioni. La idea \u00e9s fer uns fonaments forts de treball i nodrir-se de la base, que cada cop siguin m\u00e9s els jugadors que pugin del juvenil al primer equip. El meu objectiu \u00e9s que la ciutat s&#8217;identifiqui amb la Grama i tornem a tenir un estadi ple.\u00bb<\/p>\n\n\n\n<p>Josep Sicart (director esportiu): \u00abHem apostat per Manu per diverses raons. \u00c9s un entrenador de la casa, ha realitzat una gran temporada amb el Juvenil A i creiem que pot aportar all\u00f2 que volem com a entitat, marcar una filosofia de club i que tingui una mirada cap avall, fer cr\u00e9ixer l&#8217;equip des de baix. El seu objectiu \u00e9s que treballi, que tregui jugadors, que la gent de la base s&#8217;identifiqui amb el primer equip. Esportivament que sigui un equip treballador, amb il\u00b7lusi\u00f3, bon joc i els resultats ja vindran per\u00f2 encara no podem marcar-li un objectiu.\u00bb<\/p>\n\n\n\n<div class=\"wp-block-image\"><figure class=\"aligncenter size-large\"><img loading=\"lazy\" decoding=\"async\" width=\"1024\" height=\"768\" src=\"https:\/\/fegrama.cat\/web\/wp-content\/uploads\/2022\/05\/manuprimerequipo-1024x768.png\" alt=\"\" class=\"wp-image-30834\" srcset=\"http:\/\/fegrama.cat\/web\/wp-content\/uploads\/2022\/05\/manuprimerequipo-1024x768.png 1024w, http:\/\/fegrama.cat\/web\/wp-content\/uploads\/2022\/05\/manuprimerequipo-300x225.png 300w, http:\/\/fegrama.cat\/web\/wp-content\/uploads\/2022\/05\/manuprimerequipo-768x576.png 768w, http:\/\/fegrama.cat\/web\/wp-content\/uploads\/2022\/05\/manuprimerequipo-1536x1152.png 1536w, http:\/\/fegrama.cat\/web\/wp-content\/uploads\/2022\/05\/manuprimerequipo.png 2016w\" sizes=\"auto, (max-width: 1024px) 100vw, 1024px\" \/><\/figure><\/div>\n\n\n\n<p>En la tarde del 06 de mayo en el Nou Municipal de la Grama fue presentado Manuel Pel\u00e1ez Ca\u00f1izares como nuevo entrenador del Primer Equipo de la Fundaci\u00f3 Esportiva Grama. ADN Grama, el actual t\u00e9cnico del Juvenil A consigui\u00f3 el ascenso a Preferente y esta temporada se encuentra luchando por el ascenso a Divisi\u00f3n de Honor.<\/p>\n\n\n\n<p>Manu Pel\u00e1ez: \u00abMuy agradecido por la oportunidad que se me da, s\u00e9 que no es f\u00e1cil y es de valientes darle la oportunidad a un entrenador del juvenil. Muy satisfecho a nivel personal porqu\u00e9 es el primer equipo de mi ciudad, como colomense muy ilusionado. Buscaremos el ADN de Santa Coloma, un equipo valiente, que salga a buscar al rival y que lo den todo hasta el final. Desde hoy vamos a trabajar con Josep para que tener una plantilla que ilusione. La idea es hacer unos cimientos fuertes de trabajo y nutrirse de la base, que cada vez sean m\u00e1s los jugadores que suben del juvenil al primer equipo. Mi objetivo es que la ciudad se identifique con la Grama y volvamos a tener un estadio lleno.\u00bb<\/p>\n\n\n\n<p>Josep Sicart (director deportivo): \u00abHemos apostado por Manu por varias razones. Es un entrenador de la casa, ha realizado una gran temporada con el Juvenil A y creemos que puede aportar lo que queremos como entidad, marcar una filosof\u00eda de club y que tenga una mirada hac\u00eda abajo, hacer crecer el equipo desde abajo. Su objetivo es que trabaje, que saque jugadores, que la gente de la base se identifique con el primer equipo. Deportivamente que sea un equipo trabajador, con ilusi\u00f3n, buen juego y los resultados ya vendr\u00e1n pero no podemos marcarle un objetivo todav\u00eda.\u00bb<\/p>\n","protected":false},"excerpt":{"rendered":"<p>A la tarda del 06 de maig al Nou Municipal de la Grama va ser presentat Manuel Pel\u00e1ez Ca\u00f1izares com a nou entrenador del Primer Equip de la Fundaci\u00f3 Esportiva Grama. ADN Grama, l&#8217;actual t\u00e8cnic del Juvenil A va aconseguir l&#8217;ascens a Preferent i aquesta temporada est\u00e0 lluitant per l&#8217;ascens a Divisi\u00f3 d&#8217;Honor. Manu Pel\u00e1ez: [&hellip;]<\/p>\n","protected":false},"author":1,"featured_media":30834,"comment_status":"closed","ping_status":"closed","sticky":false,"template":"","format":"standard","meta":{"footnotes":""},"categories":[14,15,5],"tags":[],"class_list":["post-30830","post","type-post","status-publish","format-standard","has-post-thumbnail","hentry","category-noticies","category-noticies-destacades","category-primer-equip"],"_links":{"self":[{"href":"http:\/\/fegrama.cat\/web\/wp-json\/wp\/v2\/posts\/30830","targetHints":{"allow":["GET"]}}],"collection":[{"href":"http:\/\/fegrama.cat\/web\/wp-json\/wp\/v2\/posts"}],"about":[{"href":"http:\/\/fegrama.cat\/web\/wp-json\/wp\/v2\/types\/post"}],"author":[{"embeddable":true,"href":"http:\/\/fegrama.cat\/web\/wp-json\/wp\/v2\/users\/1"}],"replies":[{"embeddable":true,"href":"http:\/\/fegrama.cat\/web\/wp-json\/wp\/v2\/comments?post=30830"}],"version-history":[{"count":3,"href":"http:\/\/fegrama.cat\/web\/wp-json\/wp\/v2\/posts\/30830\/revisions"}],"predecessor-version":[{"id":30835,"href":"http:\/\/fegrama.cat\/web\/wp-json\/wp\/v2\/posts\/30830\/revisions\/30835"}],"wp:featuredmedia":[{"embeddable":true,"href":"http:\/\/fegrama.cat\/web\/wp-json\/wp\/v2\/media\/30834"}],"wp:attachment":[{"href":"http:\/\/fegrama.cat\/web\/wp-json\/wp\/v2\/media?parent=30830"}],"wp:term":[{"taxonomy":"category","embeddable":true,"href":"http:\/\/fegrama.cat\/web\/wp-json\/wp\/v2\/categories?post=30830"},{"taxonomy":"post_tag","embeddable":true,"href":"http:\/\/fegrama.cat\/web\/wp-json\/wp\/v2\/tags?post=30830"}],"curies":[{"name":"wp","href":"https:\/\/api.w.org\/{rel}","templated":true}]}}