{"id":30826,"date":"2022-05-06T09:20:53","date_gmt":"2022-05-06T08:20:53","guid":{"rendered":"http:\/\/fegrama.cat\/web\/?p=30826"},"modified":"2022-05-06T10:59:56","modified_gmt":"2022-05-06T09:59:56","slug":"josep-sicart-nou-director-esportiu","status":"publish","type":"post","link":"http:\/\/fegrama.cat\/web\/josep-sicart-nou-director-esportiu\/","title":{"rendered":"Josep Sicart, nou director esportiu"},"content":{"rendered":"\n<p>La tarda del dijous 06 de maig va ser presentat Josep Sicart Mart\u00ed com a nou Director Esportiu de la Fundaci\u00f3 Esportiva Grama. Amb gran experi\u00e8ncia: dues etapas al Gimn\u00e0stic de Tarragona (2003-2007 \/ 2012-2013), col\u00b7laborador de la secret\u00e0ria t\u00e8cnica de l&#8217;Sporting de Gij\u00f3n, entre d&#8217;altres.<\/p>\n\n\n\n<p>Aquest any va estar seguint la temporada de la Grama a Tercera RFEF. En la presentaci\u00f3 el nou director esportiu de l&#8217;entitat va comentar: \u00abvull aportar feina, la meva experi\u00e8ncia i intentar aconseguir els objectius o almenys fer cr\u00e9ixer aquesta entitat tan jove\u00bb.<\/p>\n\n\n\n<p>Tamb\u00e9 va deixar clar la seva idea: \u00ababans de marcar-me un objectiu he d&#8217;aterrar i veure quina \u00e9s l&#8217;estructura i la situaci\u00f3 que hi ha. Des de fora crec que cal fer cr\u00e9ixer aquesta entitat i crear uns fonaments forts per aconseguir assolir un objectiu.\u00bb<\/p>\n\n\n\n<div class=\"wp-block-image\"><figure class=\"aligncenter size-large\"><img loading=\"lazy\" decoding=\"async\" width=\"1024\" height=\"768\" src=\"https:\/\/fegrama.cat\/web\/wp-content\/uploads\/2022\/05\/josepsicart-1024x768.jpeg\" alt=\"\" class=\"wp-image-30827\" srcset=\"http:\/\/fegrama.cat\/web\/wp-content\/uploads\/2022\/05\/josepsicart-1024x768.jpeg 1024w, http:\/\/fegrama.cat\/web\/wp-content\/uploads\/2022\/05\/josepsicart-300x225.jpeg 300w, http:\/\/fegrama.cat\/web\/wp-content\/uploads\/2022\/05\/josepsicart-768x576.jpeg 768w, http:\/\/fegrama.cat\/web\/wp-content\/uploads\/2022\/05\/josepsicart-1536x1152.jpeg 1536w, http:\/\/fegrama.cat\/web\/wp-content\/uploads\/2022\/05\/josepsicart.jpeg 1600w\" sizes=\"auto, (max-width: 1024px) 100vw, 1024px\" \/><\/figure><\/div>\n\n\n\n<p>En la tarde del jueves 06 de mayo fue presentado Josep Sicart Mart\u00ed como nuevo Director Deportivo de la Fundaci\u00f3 Esportiva Grama. Con gran experiencia: dos etapadas en el Gimn\u00e0stic de Tarragona (2003-2007 \/ 2012-2013), colaborador de la secretaria t\u00e9cnica del Sporting de Gij\u00f3n, entre otros.<\/p>\n\n\n\n<p>Este a\u00f1o estuvo siguiendo la temporada de la Grama en Tercera RFEF. En su presentaci\u00f3n el nuevo director deportivo de la entidad coment\u00f3: \u00abquiero aportar trabajo, mi experiencia y intentar conseguir los objetivos o al menos hacer crecer a esta entidad tan joven\u00bb.<\/p>\n\n\n\n<p>Tambi\u00e9n dej\u00f3 claro su idea: \u00abantes de marcarme un objetivo debo aterrizar y ver cual es la estructura y la situaci\u00f3n que hay. Desde fuera creo que hay hacer crecer a esta entidad y crear unos cimientos fuertes para conseguir alcanzar un objetivo.\u00bb<\/p>\n","protected":false},"excerpt":{"rendered":"<p>La tarda del dijous 06 de maig va ser presentat Josep Sicart Mart\u00ed com a nou Director Esportiu de la Fundaci\u00f3 Esportiva Grama. Amb gran experi\u00e8ncia: dues etapas al Gimn\u00e0stic de Tarragona (2003-2007 \/ 2012-2013), col\u00b7laborador de la secret\u00e0ria t\u00e8cnica de l&#8217;Sporting de Gij\u00f3n, entre d&#8217;altres. Aquest any va estar seguint la temporada de la [&hellip;]<\/p>\n","protected":false},"author":1,"featured_media":30827,"comment_status":"closed","ping_status":"closed","sticky":false,"template":"","format":"standard","meta":{"footnotes":""},"categories":[14,15,5],"tags":[],"class_list":["post-30826","post","type-post","status-publish","format-standard","has-post-thumbnail","hentry","category-noticies","category-noticies-destacades","category-primer-equip"],"_links":{"self":[{"href":"http:\/\/fegrama.cat\/web\/wp-json\/wp\/v2\/posts\/30826","targetHints":{"allow":["GET"]}}],"collection":[{"href":"http:\/\/fegrama.cat\/web\/wp-json\/wp\/v2\/posts"}],"about":[{"href":"http:\/\/fegrama.cat\/web\/wp-json\/wp\/v2\/types\/post"}],"author":[{"embeddable":true,"href":"http:\/\/fegrama.cat\/web\/wp-json\/wp\/v2\/users\/1"}],"replies":[{"embeddable":true,"href":"http:\/\/fegrama.cat\/web\/wp-json\/wp\/v2\/comments?post=30826"}],"version-history":[{"count":2,"href":"http:\/\/fegrama.cat\/web\/wp-json\/wp\/v2\/posts\/30826\/revisions"}],"predecessor-version":[{"id":30829,"href":"http:\/\/fegrama.cat\/web\/wp-json\/wp\/v2\/posts\/30826\/revisions\/30829"}],"wp:featuredmedia":[{"embeddable":true,"href":"http:\/\/fegrama.cat\/web\/wp-json\/wp\/v2\/media\/30827"}],"wp:attachment":[{"href":"http:\/\/fegrama.cat\/web\/wp-json\/wp\/v2\/media?parent=30826"}],"wp:term":[{"taxonomy":"category","embeddable":true,"href":"http:\/\/fegrama.cat\/web\/wp-json\/wp\/v2\/categories?post=30826"},{"taxonomy":"post_tag","embeddable":true,"href":"http:\/\/fegrama.cat\/web\/wp-json\/wp\/v2\/tags?post=30826"}],"curies":[{"name":"wp","href":"https:\/\/api.w.org\/{rel}","templated":true}]}}