{"id":30807,"date":"2022-05-03T09:59:55","date_gmt":"2022-05-03T08:59:55","guid":{"rendered":"http:\/\/fegrama.cat\/web\/?p=30807"},"modified":"2022-05-03T09:59:56","modified_gmt":"2022-05-03T08:59:56","slug":"derrota-dels-veterans-contra-el-lider-1-3","status":"publish","type":"post","link":"http:\/\/fegrama.cat\/web\/derrota-dels-veterans-contra-el-lider-1-3\/","title":{"rendered":"Derrota dels Veterans contra el l\u00edder (1-3)"},"content":{"rendered":"\n<div class=\"wp-block-image\"><figure class=\"aligncenter size-large\"><img loading=\"lazy\" decoding=\"async\" width=\"1024\" height=\"503\" src=\"http:\/\/fegrama.cat\/web\/wp-content\/uploads\/2022\/01\/IMG-20220110-WA0002-1024x503.jpg\" alt=\"\" class=\"wp-image-30098\" srcset=\"http:\/\/fegrama.cat\/web\/wp-content\/uploads\/2022\/01\/IMG-20220110-WA0002-1024x503.jpg 1024w, http:\/\/fegrama.cat\/web\/wp-content\/uploads\/2022\/01\/IMG-20220110-WA0002-300x147.jpg 300w, http:\/\/fegrama.cat\/web\/wp-content\/uploads\/2022\/01\/IMG-20220110-WA0002-768x378.jpg 768w, http:\/\/fegrama.cat\/web\/wp-content\/uploads\/2022\/01\/IMG-20220110-WA0002.jpg 1194w\" sizes=\"auto, (max-width: 1024px) 100vw, 1024px\" \/><\/figure><\/div>\n\n\n\n<p>Los Veteranos de la F.E.Grama se enfrentaban al l\u00edder, AE Can Llong, un buen equipo y el m\u00e1s joven de la categor\u00eda. El partido fue muy parecido al de la primera vuelta, y el resultado final de 1-3.<\/p>\n\n\n\n<p>La Grama domin\u00f3 el juego, llev\u00f3 el peso del partido e incluso g\u00e9nero las oportunidades m\u00e1s claras a lo largo del partido pero no fue capaz de aprovechar las grandes ocasiones que gener\u00f3. Por lo contrario el rival se acercaba al \u00e1rea pero la defensa conten\u00eda bien a los delanteros del Can Llong.<\/p>\n\n\n\n<p>Los visitantes si aprovecharon dos fallos defensivos, una mala cesi\u00f3n y un resbal\u00f3n, que les permiti\u00f3 irse al descanso con una ventaja de 0-2. La segunda parte sigui\u00f3 el mismo patr\u00f3n, la Grama fallaba sus ocasiones.<\/p>\n\n\n\n<p>Los colomenses consegu\u00edan recortar distancias en el marcador con el 1-2 pero la alegr\u00eda dur\u00f3 poco porqu\u00e9 los visitantes en una contra muy r\u00e1pida colocaban el definitivo 1-3. Los Veteranos de la Grama siguieron intentando igualar pero ante un muy buen rival y debido a que los atacantes no ten\u00edan el d\u00eda fueron incapaces de volver a batir al portero rival.<\/p>\n","protected":false},"excerpt":{"rendered":"<p>Los Veteranos de la F.E.Grama se enfrentaban al l\u00edder, AE Can Llong, un buen equipo y el m\u00e1s joven de la categor\u00eda. El partido fue muy parecido al de la primera vuelta, y el resultado final de 1-3. La Grama domin\u00f3 el juego, llev\u00f3 el peso del partido e incluso g\u00e9nero las oportunidades m\u00e1s claras [&hellip;]<\/p>\n","protected":false},"author":1,"featured_media":30098,"comment_status":"closed","ping_status":"closed","sticky":false,"template":"","format":"standard","meta":{"footnotes":""},"categories":[4,751],"tags":[],"class_list":["post-30807","post","type-post","status-publish","format-standard","has-post-thumbnail","hentry","category-base-inclusiu","category-veterans"],"_links":{"self":[{"href":"http:\/\/fegrama.cat\/web\/wp-json\/wp\/v2\/posts\/30807","targetHints":{"allow":["GET"]}}],"collection":[{"href":"http:\/\/fegrama.cat\/web\/wp-json\/wp\/v2\/posts"}],"about":[{"href":"http:\/\/fegrama.cat\/web\/wp-json\/wp\/v2\/types\/post"}],"author":[{"embeddable":true,"href":"http:\/\/fegrama.cat\/web\/wp-json\/wp\/v2\/users\/1"}],"replies":[{"embeddable":true,"href":"http:\/\/fegrama.cat\/web\/wp-json\/wp\/v2\/comments?post=30807"}],"version-history":[{"count":1,"href":"http:\/\/fegrama.cat\/web\/wp-json\/wp\/v2\/posts\/30807\/revisions"}],"predecessor-version":[{"id":30808,"href":"http:\/\/fegrama.cat\/web\/wp-json\/wp\/v2\/posts\/30807\/revisions\/30808"}],"wp:featuredmedia":[{"embeddable":true,"href":"http:\/\/fegrama.cat\/web\/wp-json\/wp\/v2\/media\/30098"}],"wp:attachment":[{"href":"http:\/\/fegrama.cat\/web\/wp-json\/wp\/v2\/media?parent=30807"}],"wp:term":[{"taxonomy":"category","embeddable":true,"href":"http:\/\/fegrama.cat\/web\/wp-json\/wp\/v2\/categories?post=30807"},{"taxonomy":"post_tag","embeddable":true,"href":"http:\/\/fegrama.cat\/web\/wp-json\/wp\/v2\/tags?post=30807"}],"curies":[{"name":"wp","href":"https:\/\/api.w.org\/{rel}","templated":true}]}}