{"id":30805,"date":"2022-05-02T21:03:20","date_gmt":"2022-05-02T20:03:20","guid":{"rendered":"http:\/\/fegrama.cat\/web\/?p=30805"},"modified":"2022-05-02T21:03:21","modified_gmt":"2022-05-02T20:03:21","slug":"derrota-pels-nois-del-cadet-c","status":"publish","type":"post","link":"http:\/\/fegrama.cat\/web\/derrota-pels-nois-del-cadet-c\/","title":{"rendered":"Derrota pels nois del Cadet \u00abC\u00bb"},"content":{"rendered":"\n<p><strong>Escola\u00a0Pedraza 3 &#8211; Cadet \u201cC\u201d 2<\/strong><\/p>\n\n\n\n<p>Els nois del Cadet \u201cC\u201d van jugar fora de casa en un camp dif\u00edcil i en el qual la graderia tampoc va ser d&#8217;ajuda.<br><br>Els visitants es mostraven superiors durant la primera part, per\u00f2 va anar en la segona quan va haver-hi ocasions per als dos equips. Per desgr\u00e0cia la\u00a0Grama\u00a0en les seves oportunitats, no aconseguia materialitzar.<br><br>Com va passar amb les \u00faltimes jornades, els contraris van marcar el gol de difer\u00e8ncia en els \u00faltims minuts que va donar la derrota als visitants.<\/p>\n\n\n\n<p><\/p>\n\n\n\n<hr class=\"wp-block-separator\"\/>\n\n\n\n<p><\/p>\n\n\n\n<p><strong>Escola Pedraza 3 &#8211; Cadete \u201cC\u201d 2<\/strong><\/p>\n\n\n\n<p>Los chicos del Cadete \u201cC\u201d jugaron fuera de casa en un campo dif\u00edcil y en el que la grada tampoco fue de ayuda.<\/p>\n\n\n\n<p>Los visitantes se mostraban superiores durante la primera parte, pero fue en la segunda cuando hubo ocasiones para los dos equipos. Por desgracia la Grama en sus oportunidades, no consegu\u00eda materializar.&nbsp;<\/p>\n\n\n\n<p>Como pas\u00f3 con las \u00faltimas jornadas, los contrarios marcaron el gol de diferencia en los \u00faltimos minutos que dio la derrota a los visitantes.<\/p>\n","protected":false},"excerpt":{"rendered":"<p>Escola\u00a0Pedraza 3 &#8211; Cadet \u201cC\u201d 2 Els nois del Cadet \u201cC\u201d van jugar fora de casa en un camp dif\u00edcil i en el qual la graderia tampoc va ser d&#8217;ajuda. Els visitants es mostraven superiors durant la primera part, per\u00f2 va anar en la segona quan va haver-hi ocasions per als dos equips. Per desgr\u00e0cia [&hellip;]<\/p>\n","protected":false},"author":1,"featured_media":30407,"comment_status":"closed","ping_status":"closed","sticky":false,"template":"","format":"standard","meta":{"footnotes":""},"categories":[4,7],"tags":[],"class_list":["post-30805","post","type-post","status-publish","format-standard","has-post-thumbnail","hentry","category-base-inclusiu","category-cadets"],"_links":{"self":[{"href":"http:\/\/fegrama.cat\/web\/wp-json\/wp\/v2\/posts\/30805","targetHints":{"allow":["GET"]}}],"collection":[{"href":"http:\/\/fegrama.cat\/web\/wp-json\/wp\/v2\/posts"}],"about":[{"href":"http:\/\/fegrama.cat\/web\/wp-json\/wp\/v2\/types\/post"}],"author":[{"embeddable":true,"href":"http:\/\/fegrama.cat\/web\/wp-json\/wp\/v2\/users\/1"}],"replies":[{"embeddable":true,"href":"http:\/\/fegrama.cat\/web\/wp-json\/wp\/v2\/comments?post=30805"}],"version-history":[{"count":1,"href":"http:\/\/fegrama.cat\/web\/wp-json\/wp\/v2\/posts\/30805\/revisions"}],"predecessor-version":[{"id":30806,"href":"http:\/\/fegrama.cat\/web\/wp-json\/wp\/v2\/posts\/30805\/revisions\/30806"}],"wp:featuredmedia":[{"embeddable":true,"href":"http:\/\/fegrama.cat\/web\/wp-json\/wp\/v2\/media\/30407"}],"wp:attachment":[{"href":"http:\/\/fegrama.cat\/web\/wp-json\/wp\/v2\/media?parent=30805"}],"wp:term":[{"taxonomy":"category","embeddable":true,"href":"http:\/\/fegrama.cat\/web\/wp-json\/wp\/v2\/categories?post=30805"},{"taxonomy":"post_tag","embeddable":true,"href":"http:\/\/fegrama.cat\/web\/wp-json\/wp\/v2\/tags?post=30805"}],"curies":[{"name":"wp","href":"https:\/\/api.w.org\/{rel}","templated":true}]}}