{"id":30798,"date":"2022-05-02T08:51:57","date_gmt":"2022-05-02T07:51:57","guid":{"rendered":"http:\/\/fegrama.cat\/web\/?p=30798"},"modified":"2022-05-02T08:51:58","modified_gmt":"2022-05-02T07:51:58","slug":"tres-punts-mes-pel-juvenil-a-0-2","status":"publish","type":"post","link":"http:\/\/fegrama.cat\/web\/tres-punts-mes-pel-juvenil-a-0-2\/","title":{"rendered":"Tres punts m\u00e9s pel Juvenil A (0-2)"},"content":{"rendered":"\n<p>Nova vict\u00f2ria a domicili del Juvenil A en una primera part treballada pr\u00e0cticament sense ocasions per\u00f2 amb un inici de la segona part brillant que van decantar el marcador per als colomencs (0-2) davant del CE Manresa.<\/p>\n\n\n\n<p>Iniciava el partits amb tots dos equips imprecisos, lents, amb molta calor i amb poc ritme. La Grama intentava penetrar l&#8217;ordenada defensa del Manresa per\u00f2 amb poc \u00e8xit, per\u00f2 el Manresa amb un joc directe intentava acostar-se a la porteria de Marcos.<\/p>\n\n\n\n<p>Poca pres\u00e8ncia a les \u00e0rees, una primera ocasi\u00f3 molt clara per a Bafode que despr\u00e9s d&#8217;una passada de Rub\u00e9n Cifuentes es plantava davant del porter local i aquest li endevinava la traject\u00f2ria enviant la pilota a c\u00f3rner. Contestava el Manresa amb un cop de cap al travesser. Final dels primers 45 minuts sense gaire m\u00e9s (0-0).<\/p>\n\n\n\n<p>A la represa, els de Manu Pel\u00e1ez van sortir a la recerca del partit, m\u00e9s tranquils i m\u00e9s part\u00edcips amb el bal\u00f3. Es van fer amos de la pilota i del joc, combinava b\u00e9 la Grama, que feia retrocedir l\u00ednies als manresans. I al minut 60 i despr\u00e9s d&#8217;una galopada de Bafode, aquesta cedia la pilota enrere a Marc Pelaz, que amb xut amb la dreta cap a in\u00fatil l&#8217;estirada del porter.<\/p>\n\n\n\n<p>0-1 per\u00f2 els de Santa Coloma en volien m\u00e9s. L&#8217;entrada de Pelaz, Mario i Iker Merino van donar frescor als blaus, i el mateix Iker despr\u00e9s d&#8217;una bona combinaci\u00f3 treia un xut amb l&#8217;esquerra a la xarxa per fer el 0-2. Arribaven els millors minuts de la Fundaci\u00f3, fins que al minut 78 el migcampista D\u00eddac va veure la cartolina vermella, suposadament per una agressi\u00f3 al rival molt protestada i dubtosa.<\/p>\n\n\n\n<p>Tot i aix\u00ed els de Santa Coloma, no van passar problemes, fins i tot amb un de menys van dominar i \u201cguardaren\u201d l&#8217;esf\u00e8ric fins al xiulet final.<\/p>\n\n\n\n<div class=\"wp-block-image\"><figure class=\"aligncenter size-large\"><img loading=\"lazy\" decoding=\"async\" width=\"768\" height=\"1024\" src=\"https:\/\/fegrama.cat\/web\/wp-content\/uploads\/2022\/05\/WhatsApp-Image-2022-05-01-at-7.14.36-PM-768x1024.jpeg\" alt=\"\" class=\"wp-image-30800\" srcset=\"http:\/\/fegrama.cat\/web\/wp-content\/uploads\/2022\/05\/WhatsApp-Image-2022-05-01-at-7.14.36-PM-768x1024.jpeg 768w, http:\/\/fegrama.cat\/web\/wp-content\/uploads\/2022\/05\/WhatsApp-Image-2022-05-01-at-7.14.36-PM-225x300.jpeg 225w, http:\/\/fegrama.cat\/web\/wp-content\/uploads\/2022\/05\/WhatsApp-Image-2022-05-01-at-7.14.36-PM-1152x1536.jpeg 1152w, http:\/\/fegrama.cat\/web\/wp-content\/uploads\/2022\/05\/WhatsApp-Image-2022-05-01-at-7.14.36-PM.jpeg 1536w\" sizes=\"auto, (max-width: 768px) 100vw, 768px\" \/><\/figure><\/div>\n\n\n\n<p>Nueva victoria a domicilio del Juvenil A en una primera parte trabajada pr\u00e1cticamente sin ocasiones pero con un inicio de la segunda parte brillante que decantaron el marcador para los colomenses (0-2) ante el CE Manresa.<\/p>\n\n\n\n<p>Iniciaba el partidos con ambos equipos imprecisos, lentos, con mucho calor y con poco ritmo. La Grama intentaba penetrar la ordenada defensa del Manresa pero con poco \u00e9xito, por contra el Manresa con un juego directo intentaba acercarse a la porter\u00eda de Marcos. <\/p>\n\n\n\n<p>Poca presencia en los \u00e1reas, una primera ocasi\u00f3n muy clara para Bafode que tras un pase de Rub\u00e9n Cifuentes se plantaba delante del portero local y este le adivinaba la trayectoria enviando el bal\u00f3n a c\u00f3rner. Contestaba el Manresa con un cabezazo al larguero. Final de los primeros 45 minUTOS sin mucho m\u00e1s (0-0).<\/p>\n\n\n\n<p>En la reanudaci\u00f3n, los de Manu Pel\u00e1ez salieron en busca del partido, m\u00e1s tranquilos y m\u00e1s part\u00edcipes con el bal\u00f3. Se hicieron due\u00f1os de la pelota y del juego, combinaba bien la Grama, que hac\u00eda retroceder l\u00edneas a los manresanos. Y en el minuto 60 y tras una galopada de Bafode, este ced\u00eda el bal\u00f3n atr\u00e1s a Marc Pelaz, que con derechazo hacia in\u00fatil la estirada del portero. <\/p>\n\n\n\n<p>0-1 pero los de Santa Coloma quer\u00edan m\u00e1s. La entrada de Pelaz, Mario e Iker Merino dieron frescura a los azules, y el propio Iker tras una buena combinaci\u00f3n sacaba un zurdazo a la red para hacer el 0-2. Llegaban los mejores minutos de la Fundaci\u00f3, hasta que en el minuto 78 el centrocampista D\u00eddac vio la cartulina roja, supuestamente por una agresi\u00f3n al rival muy protestada y dudosa.<\/p>\n\n\n\n<p>A\u00fan as\u00ed los de Santa Coloma, no pasaron apuros, incluso con uno menos dominaron y \u201cguardaron\u201d el esf\u00e9rico hasta el pitido final.<\/p>\n","protected":false},"excerpt":{"rendered":"<p>Nova vict\u00f2ria a domicili del Juvenil A en una primera part treballada pr\u00e0cticament sense ocasions per\u00f2 amb un inici de la segona part brillant que van decantar el marcador per als colomencs (0-2) davant del CE Manresa. Iniciava el partits amb tots dos equips imprecisos, lents, amb molta calor i amb poc ritme. La Grama [&hellip;]<\/p>\n","protected":false},"author":1,"featured_media":30800,"comment_status":"closed","ping_status":"closed","sticky":false,"template":"","format":"standard","meta":{"footnotes":""},"categories":[4,6],"tags":[],"class_list":["post-30798","post","type-post","status-publish","format-standard","has-post-thumbnail","hentry","category-base-inclusiu","category-juvenils"],"_links":{"self":[{"href":"http:\/\/fegrama.cat\/web\/wp-json\/wp\/v2\/posts\/30798","targetHints":{"allow":["GET"]}}],"collection":[{"href":"http:\/\/fegrama.cat\/web\/wp-json\/wp\/v2\/posts"}],"about":[{"href":"http:\/\/fegrama.cat\/web\/wp-json\/wp\/v2\/types\/post"}],"author":[{"embeddable":true,"href":"http:\/\/fegrama.cat\/web\/wp-json\/wp\/v2\/users\/1"}],"replies":[{"embeddable":true,"href":"http:\/\/fegrama.cat\/web\/wp-json\/wp\/v2\/comments?post=30798"}],"version-history":[{"count":2,"href":"http:\/\/fegrama.cat\/web\/wp-json\/wp\/v2\/posts\/30798\/revisions"}],"predecessor-version":[{"id":30801,"href":"http:\/\/fegrama.cat\/web\/wp-json\/wp\/v2\/posts\/30798\/revisions\/30801"}],"wp:featuredmedia":[{"embeddable":true,"href":"http:\/\/fegrama.cat\/web\/wp-json\/wp\/v2\/media\/30800"}],"wp:attachment":[{"href":"http:\/\/fegrama.cat\/web\/wp-json\/wp\/v2\/media?parent=30798"}],"wp:term":[{"taxonomy":"category","embeddable":true,"href":"http:\/\/fegrama.cat\/web\/wp-json\/wp\/v2\/categories?post=30798"},{"taxonomy":"post_tag","embeddable":true,"href":"http:\/\/fegrama.cat\/web\/wp-json\/wp\/v2\/tags?post=30798"}],"curies":[{"name":"wp","href":"https:\/\/api.w.org\/{rel}","templated":true}]}}