{"id":30793,"date":"2022-05-01T23:24:07","date_gmt":"2022-05-01T22:24:07","guid":{"rendered":"http:\/\/fegrama.cat\/web\/?p=30793"},"modified":"2022-05-01T23:24:08","modified_gmt":"2022-05-01T22:24:08","slug":"remuntada-epica-per-tancar-la-temporada-2-4","status":"publish","type":"post","link":"http:\/\/fegrama.cat\/web\/remuntada-epica-per-tancar-la-temporada-2-4\/","title":{"rendered":"Remuntada \u00e8pica per tancar la temporada (2-4)"},"content":{"rendered":"\n<p>La Fundaci\u00f3 Esportiva Grama va trencar la mala din\u00e0mica a l&#8217;\u00faltima jornada de lliga tancant aix\u00ed la temporada en novena posici\u00f3. Els de Juanma Pons van remuntar un 2-0 davant el FC Asc\u00f3 i es van emportar una important vict\u00f2ria (2-4).<\/p>\n\n\n\n<p>L&#8217;Asc\u00f3 va arrencar millor el partit, dominant l&#8217;esf\u00e8ric i creant alguna ocasi\u00f3. La m\u00e9s clara al minut 4 fent estirar Guiseris per evitar el gol. Els colomencs van trigar a entrar al partit per\u00f2 tot i aix\u00ed va tenir el gol. Monterde amb un xut creuat va estavellar la pilota al travesser (24\u2032).<\/p>\n\n\n\n<p>Tres minuts despr\u00e9s, els locals aprofitaven un rebuig despr\u00e9s d&#8217;un centre a l&#8217;\u00e0rea per posar l&#8217;1-0. La Grama va reaccionar i va perdonar l&#8217;empat. Montalb\u00e1n la va tenir darrere de centre de Rubi per\u00f2 el porter enviava a c\u00f3rner. En el c\u00f3rner una rematada de cap d&#8217;Adrien era treta sota pals.<\/p>\n\n\n\n<p>A prop del minut 40 era Montalb\u00e1n qui la tenia despr\u00e9s d&#8217;una passada d&#8217;\u00c1ngel, per\u00f2 fallava. Marxeven al descans amb la sensaci\u00f3 de bon joc i mereixent l&#8217;empat. Mal inici del segon temps, als cinc minuts de la represa va arribar el 2-0.<\/p>\n\n\n\n<p>La Grama per mitj\u00e0 de Solsona va reaccionar per\u00f2 sense encertar. I al minut 65 va comen\u00e7ar el cam\u00ed d&#8217;una remuntada \u00e8pica. \u00c1ngel li va servir a Roger Garc\u00eda que no fallaria per retallar dist\u00e0ncies. Deu minuts m\u00e9s tard era Adrien qui en un c\u00f3rner aprofitava un aldarull a l&#8217;\u00e0rea per aconseguir el 2-2.<\/p>\n\n\n\n<p>El gran moment arribaria al minut 88 quan una pilota que queia a l&#8217;esquerra la rematava a gol Monterde. El 2-3. Encara quedava la cirereta del past\u00eds. En el temps de prolongaci\u00f3, Fran assistia caient a l&#8217;\u00e0rea una pilota a Montalb\u00e1n que d&#8217;esquena a porteria aconseguia girar-se i ajustar la pilota al pal. 2-4 i final d\u00b4un partit trepidant i molt lluitat.<\/p>\n\n\n\n<div class=\"wp-block-image\"><figure class=\"aligncenter size-large\"><img loading=\"lazy\" decoding=\"async\" width=\"1024\" height=\"898\" src=\"http:\/\/fegrama.cat\/web\/wp-content\/uploads\/2022\/01\/WhatsApp-Image-2022-01-02-at-17.08.40-1024x898.jpeg\" alt=\"\" class=\"wp-image-30060\" srcset=\"http:\/\/fegrama.cat\/web\/wp-content\/uploads\/2022\/01\/WhatsApp-Image-2022-01-02-at-17.08.40-1024x898.jpeg 1024w, http:\/\/fegrama.cat\/web\/wp-content\/uploads\/2022\/01\/WhatsApp-Image-2022-01-02-at-17.08.40-300x263.jpeg 300w, http:\/\/fegrama.cat\/web\/wp-content\/uploads\/2022\/01\/WhatsApp-Image-2022-01-02-at-17.08.40-768x674.jpeg 768w, http:\/\/fegrama.cat\/web\/wp-content\/uploads\/2022\/01\/WhatsApp-Image-2022-01-02-at-17.08.40-1536x1347.jpeg 1536w, http:\/\/fegrama.cat\/web\/wp-content\/uploads\/2022\/01\/WhatsApp-Image-2022-01-02-at-17.08.40.jpeg 2048w\" sizes=\"auto, (max-width: 1024px) 100vw, 1024px\" \/><\/figure><\/div>\n\n\n\n<p>La Fundaci\u00f3 Esportiva Grama rompi\u00f3 la mala din\u00e1mica en la \u00faltima jornada de liga cerrando as\u00ed la temporada en novena posici\u00f3n. Los de Juanma Pons remontaron un 2-0 ante el FC Asc\u00f3 y se llevaron una importante victoria (2-4).<\/p>\n\n\n\n<p>El Asc\u00f3 arranc\u00f3 mejor el partido, dominando el esf\u00e9rico y creando alguna ocasi\u00f3n. La m\u00e1s clara en el minuto 4 haciendo estirarse a Guiseris para evitar el gol. Los colomenses tardaron en entrar en el partido pero a\u00fan as\u00ed tuvo el gol. Monterde con un chut cruzado estrell\u00f3 la pelota en el larguero (24&#8242;). <\/p>\n\n\n\n<p>Tres minutos despu\u00e9s los locales aprovechaban un rechace tras un centro al \u00e1rea para poner el 1-0. La Grama reaccion\u00f3 y perdon\u00f3 el empate. Montalb\u00e1n la tuvo tras centro de Rubi pero el portero enviaba a c\u00f3rner. En el saque de esquina un remate de cabeza de Adrien lo era sacado bajo palos.<\/p>\n\n\n\n<p>Cerca del minuto 40 era Montalb\u00e1n quien la ten\u00eda tras pase de \u00c1ngel pero fallaba. Se marchar\u00edan al descanso con la sensaci\u00f3n de buen juego y mereciendo el empate. Mal inicio del segundo tiempo, a los cinco minutos de la reanudaci\u00f3n lleg\u00f3 el 2-0.<\/p>\n\n\n\n<p>La Grama por medio de Solsona reaccion\u00f3 pero sin acertar. Y en el minuto 65 comenz\u00f3 el camino de una remontada \u00e9pica. \u00c1ngel se la sirvi\u00f3 a Roger Garc\u00eda que no fallar\u00eda para recortar distancias. Diez minutos m\u00e1s tarde era Adrien quien en un c\u00f3rner aprovechaba un barullo en el \u00e1rea para lograr el 2-2. <\/p>\n\n\n\n<p>El gran momento llegar\u00eda en el minuto 88 cuando un bal\u00f3n que ca\u00eda en la izquierda lo remataba a gol Monterde. El 2-3. Todav\u00eda quedaba la guinda del pastel. En el tiempo de prolongaci\u00f3n, Fran asist\u00eda cay\u00e9ndose en el \u00e1rea un bal\u00f3n a Montalb\u00e1n que de espaldas a porter\u00eda lograba girarse y ajustar la pelota al palo. 2-4 y final de un partido trepidante y muy luchado.<\/p>\n","protected":false},"excerpt":{"rendered":"<p>La Fundaci\u00f3 Esportiva Grama va trencar la mala din\u00e0mica a l&#8217;\u00faltima jornada de lliga tancant aix\u00ed la temporada en novena posici\u00f3. Els de Juanma Pons van remuntar un 2-0 davant el FC Asc\u00f3 i es van emportar una important vict\u00f2ria (2-4). L&#8217;Asc\u00f3 va arrencar millor el partit, dominant l&#8217;esf\u00e8ric i creant alguna ocasi\u00f3. La m\u00e9s [&hellip;]<\/p>\n","protected":false},"author":1,"featured_media":30060,"comment_status":"closed","ping_status":"closed","sticky":false,"template":"","format":"standard","meta":{"footnotes":""},"categories":[14,5],"tags":[],"class_list":["post-30793","post","type-post","status-publish","format-standard","has-post-thumbnail","hentry","category-noticies","category-primer-equip"],"_links":{"self":[{"href":"http:\/\/fegrama.cat\/web\/wp-json\/wp\/v2\/posts\/30793","targetHints":{"allow":["GET"]}}],"collection":[{"href":"http:\/\/fegrama.cat\/web\/wp-json\/wp\/v2\/posts"}],"about":[{"href":"http:\/\/fegrama.cat\/web\/wp-json\/wp\/v2\/types\/post"}],"author":[{"embeddable":true,"href":"http:\/\/fegrama.cat\/web\/wp-json\/wp\/v2\/users\/1"}],"replies":[{"embeddable":true,"href":"http:\/\/fegrama.cat\/web\/wp-json\/wp\/v2\/comments?post=30793"}],"version-history":[{"count":4,"href":"http:\/\/fegrama.cat\/web\/wp-json\/wp\/v2\/posts\/30793\/revisions"}],"predecessor-version":[{"id":30797,"href":"http:\/\/fegrama.cat\/web\/wp-json\/wp\/v2\/posts\/30793\/revisions\/30797"}],"wp:featuredmedia":[{"embeddable":true,"href":"http:\/\/fegrama.cat\/web\/wp-json\/wp\/v2\/media\/30060"}],"wp:attachment":[{"href":"http:\/\/fegrama.cat\/web\/wp-json\/wp\/v2\/media?parent=30793"}],"wp:term":[{"taxonomy":"category","embeddable":true,"href":"http:\/\/fegrama.cat\/web\/wp-json\/wp\/v2\/categories?post=30793"},{"taxonomy":"post_tag","embeddable":true,"href":"http:\/\/fegrama.cat\/web\/wp-json\/wp\/v2\/tags?post=30793"}],"curies":[{"name":"wp","href":"https:\/\/api.w.org\/{rel}","templated":true}]}}