{"id":30791,"date":"2022-05-01T22:49:11","date_gmt":"2022-05-01T21:49:11","guid":{"rendered":"http:\/\/fegrama.cat\/web\/?p=30791"},"modified":"2022-05-01T22:49:11","modified_gmt":"2022-05-01T21:49:11","slug":"segon-partit-setmanal-pel-cadet-a","status":"publish","type":"post","link":"http:\/\/fegrama.cat\/web\/segon-partit-setmanal-pel-cadet-a\/","title":{"rendered":"Segon partit setmanal pel Cadet \u00abA\u00bb!"},"content":{"rendered":"\n<p><strong>Fundaci\u00f3\u00a0Badalona 0 &#8211; Cadet \u201cA\u201d 2<\/strong><\/p>\n\n\n\n<p>Els nois del Cadet \u201cA\u201d van jugar el seu partit fora de casa aquest cap de setmana passat contra el Badalona en el seu camp. Un partit que van guanyar malgrat les complicacions i d&#8217;haver-hi molta tensi\u00f3 per la part contr\u00e0ria que necessitava guanyar per a ascendir a Divisi\u00f3 d&#8217;Honor.<br><br>Els del Badalona ho van donar tot per a poder celebrar en el seu camp aquest ascens amb la seva gent, un ascens que no es va donar a pesar que ho van donar tot en aquesta final.<br><br>Els de la\u00a0Grama\u00a0venien amb la c\u00e0rrega acumulada del\u00a0partidazo\u00a0ajornat que es va jugar la mateixa setmana contra l&#8217;Espanyol, la qual cosa impedia donar el 100%, per\u00f2 malgrat aix\u00f2 l&#8217;equip va pujar b\u00e9 en \u201cpinya\u201d, dominant en moltes parts del joc i defensant quan va tocar.<br><br>Finalment una vict\u00f2ria que dona molt\u00edssima moral i que permet passar a la classificaci\u00f3 per davant amb un partit menys que els contraris.<br><br>El seg\u00fcent pas \u00e9s contra Sants per a poder fer cinc m\u00e9s en un any molt dif\u00edcil amb canvi d&#8217;entrenadors i alts i baixos.<br><br>Partit molt ben gestionat i competit que demostra el creixement de l&#8217;equip.<br>A continuar lluitant per deixar la temporada en gran.<\/p>\n\n\n\n<p><\/p>\n\n\n\n<hr class=\"wp-block-separator\"\/>\n\n\n\n<p><\/p>\n\n\n\n<p><strong>Fundaci\u00f3 Badalona 0 &#8211; Cadete \u201cA\u201d 2<\/strong><\/p>\n\n\n\n<p>Los chicos del Cadete \u201cA\u201d jugaron su partido fuera de casa este fin de semana pasado contra el Badalona en su campo. Un partido que ganaron a pesar de las complicaciones y de haber mucha tensi\u00f3n por la parte contraria que necesitaba ganar para ascender a Divisi\u00f3n de Honor.<\/p>\n\n\n\n<p>Los del Badalona lo dieron todo para poder celebrar en su campo ese ascenso con su gente, un ascenso que no se dio a pesar de que lo dieron todo en esa final.<\/p>\n\n\n\n<p>Los de la Grama ven\u00edan con la carga acumulada del partidazo aplazado que se jug\u00f3 la misma semana contra el Espa\u00f1ol, lo que imped\u00eda dar el 100%, pero a pesar de eso el equipo subi\u00f3 bien en \u201cpi\u00f1a\u201d, dominando en muchas partes del juego y defendiendo cu\u00e1ndo toc\u00f3.&nbsp;<\/p>\n\n\n\n<p>Finalmente una victoria que da much\u00edsima moral y que permite pasar a la clasificaci\u00f3n por delante con un partido menos que los contrarios.<\/p>\n\n\n\n<p>El siguiente paso es contra Sants para poder hacer cinco m\u00e1s en un a\u00f1o muy dif\u00edcil con cambio de entrenadores y altibajos.<\/p>\n\n\n\n<p>Partido muy bien gestionado y competido que demuestra el crecimiento del equipo.<\/p>\n\n\n\n<p>A seguir luchando por dejar la temporada por todo lo alto.&nbsp;&nbsp;<\/p>\n","protected":false},"excerpt":{"rendered":"<p>Fundaci\u00f3\u00a0Badalona 0 &#8211; Cadet \u201cA\u201d 2 Els nois del Cadet \u201cA\u201d van jugar el seu partit fora de casa aquest cap de setmana passat contra el Badalona en el seu camp. Un partit que van guanyar malgrat les complicacions i d&#8217;haver-hi molta tensi\u00f3 per la part contr\u00e0ria que necessitava guanyar per a ascendir a Divisi\u00f3 [&hellip;]<\/p>\n","protected":false},"author":1,"featured_media":30644,"comment_status":"closed","ping_status":"closed","sticky":false,"template":"","format":"standard","meta":{"footnotes":""},"categories":[4,7],"tags":[],"class_list":["post-30791","post","type-post","status-publish","format-standard","has-post-thumbnail","hentry","category-base-inclusiu","category-cadets"],"_links":{"self":[{"href":"http:\/\/fegrama.cat\/web\/wp-json\/wp\/v2\/posts\/30791","targetHints":{"allow":["GET"]}}],"collection":[{"href":"http:\/\/fegrama.cat\/web\/wp-json\/wp\/v2\/posts"}],"about":[{"href":"http:\/\/fegrama.cat\/web\/wp-json\/wp\/v2\/types\/post"}],"author":[{"embeddable":true,"href":"http:\/\/fegrama.cat\/web\/wp-json\/wp\/v2\/users\/1"}],"replies":[{"embeddable":true,"href":"http:\/\/fegrama.cat\/web\/wp-json\/wp\/v2\/comments?post=30791"}],"version-history":[{"count":1,"href":"http:\/\/fegrama.cat\/web\/wp-json\/wp\/v2\/posts\/30791\/revisions"}],"predecessor-version":[{"id":30792,"href":"http:\/\/fegrama.cat\/web\/wp-json\/wp\/v2\/posts\/30791\/revisions\/30792"}],"wp:featuredmedia":[{"embeddable":true,"href":"http:\/\/fegrama.cat\/web\/wp-json\/wp\/v2\/media\/30644"}],"wp:attachment":[{"href":"http:\/\/fegrama.cat\/web\/wp-json\/wp\/v2\/media?parent=30791"}],"wp:term":[{"taxonomy":"category","embeddable":true,"href":"http:\/\/fegrama.cat\/web\/wp-json\/wp\/v2\/categories?post=30791"},{"taxonomy":"post_tag","embeddable":true,"href":"http:\/\/fegrama.cat\/web\/wp-json\/wp\/v2\/tags?post=30791"}],"curies":[{"name":"wp","href":"https:\/\/api.w.org\/{rel}","templated":true}]}}