{"id":30787,"date":"2022-05-01T22:10:04","date_gmt":"2022-05-01T21:10:04","guid":{"rendered":"http:\/\/fegrama.cat\/web\/?p=30787"},"modified":"2022-05-01T22:10:05","modified_gmt":"2022-05-01T21:10:05","slug":"victoria-de-lalevi-e-contra-el-collblanc-sants","status":"publish","type":"post","link":"http:\/\/fegrama.cat\/web\/victoria-de-lalevi-e-contra-el-collblanc-sants\/","title":{"rendered":"Vict\u00f2ria de l&#8217;Alev\u00ed \u00abE\u00bb contra el Collblanc Sants!"},"content":{"rendered":"\n<p><strong>Alev\u00ed \u201cE\u201d 4 &#8211;\u00a0Collblanc\u00a0Sants 2<\/strong><\/p>\n\n\n\n<p>Els petits de l&#8217;Alev\u00ed \u201cE\u201d van guanyar a casa, aquesta vegada va ser contra el\u00a0Collblanc\u00a0Sants per una difer\u00e8ncia de dos gols. Els contraris no ho van posar f\u00e0cil i ho donaven tot igual que els nostres petits, l&#8217;\u00fanica difer\u00e8ncia va ser de cara a porta.<br><br>Seguim!<\/p>\n\n\n\n<figure class=\"wp-block-image size-large\"><img loading=\"lazy\" decoding=\"async\" width=\"1024\" height=\"683\" src=\"http:\/\/fegrama.cat\/web\/wp-content\/uploads\/2022\/05\/IMG_4910-1024x683.jpg\" alt=\"\" class=\"wp-image-30788\" srcset=\"http:\/\/fegrama.cat\/web\/wp-content\/uploads\/2022\/05\/IMG_4910-1024x683.jpg 1024w, http:\/\/fegrama.cat\/web\/wp-content\/uploads\/2022\/05\/IMG_4910-300x200.jpg 300w, http:\/\/fegrama.cat\/web\/wp-content\/uploads\/2022\/05\/IMG_4910-768x512.jpg 768w, http:\/\/fegrama.cat\/web\/wp-content\/uploads\/2022\/05\/IMG_4910-1536x1024.jpg 1536w, http:\/\/fegrama.cat\/web\/wp-content\/uploads\/2022\/05\/IMG_4910-2048x1365.jpg 2048w\" sizes=\"auto, (max-width: 1024px) 100vw, 1024px\" \/><\/figure>\n\n\n\n<p><\/p>\n\n\n\n<hr class=\"wp-block-separator\"\/>\n\n\n\n<p><\/p>\n\n\n\n<p><strong>Alev\u00edn \u201cE\u201d 4 &#8211; Collblanc Sants 2<\/strong><\/p>\n\n\n\n<p>Los peque\u00f1os del Alev\u00edn \u201cE\u201d ganaron en casa, esta vez fue contra el Collblanc Sants por una diferencia de dos goles. Los contrarios no lo pusieron f\u00e1cil y lo daban todo al igual que nuestros peque\u00f1os, la \u00fanica diferencia fue de cara a puerta.<\/p>\n\n\n\n<p>\u00a1Seguimos!<\/p>\n","protected":false},"excerpt":{"rendered":"<p>Alev\u00ed \u201cE\u201d 4 &#8211;\u00a0Collblanc\u00a0Sants 2 Els petits de l&#8217;Alev\u00ed \u201cE\u201d van guanyar a casa, aquesta vegada va ser contra el\u00a0Collblanc\u00a0Sants per una difer\u00e8ncia de dos gols. Els contraris no ho van posar f\u00e0cil i ho donaven tot igual que els nostres petits, l&#8217;\u00fanica difer\u00e8ncia va ser de cara a porta. Seguim! Alev\u00edn \u201cE\u201d 4 &#8211; [&hellip;]<\/p>\n","protected":false},"author":1,"featured_media":30789,"comment_status":"closed","ping_status":"closed","sticky":false,"template":"","format":"standard","meta":{"footnotes":""},"categories":[10,4],"tags":[],"class_list":["post-30787","post","type-post","status-publish","format-standard","has-post-thumbnail","hentry","category-alevins","category-base-inclusiu"],"_links":{"self":[{"href":"http:\/\/fegrama.cat\/web\/wp-json\/wp\/v2\/posts\/30787","targetHints":{"allow":["GET"]}}],"collection":[{"href":"http:\/\/fegrama.cat\/web\/wp-json\/wp\/v2\/posts"}],"about":[{"href":"http:\/\/fegrama.cat\/web\/wp-json\/wp\/v2\/types\/post"}],"author":[{"embeddable":true,"href":"http:\/\/fegrama.cat\/web\/wp-json\/wp\/v2\/users\/1"}],"replies":[{"embeddable":true,"href":"http:\/\/fegrama.cat\/web\/wp-json\/wp\/v2\/comments?post=30787"}],"version-history":[{"count":1,"href":"http:\/\/fegrama.cat\/web\/wp-json\/wp\/v2\/posts\/30787\/revisions"}],"predecessor-version":[{"id":30790,"href":"http:\/\/fegrama.cat\/web\/wp-json\/wp\/v2\/posts\/30787\/revisions\/30790"}],"wp:featuredmedia":[{"embeddable":true,"href":"http:\/\/fegrama.cat\/web\/wp-json\/wp\/v2\/media\/30789"}],"wp:attachment":[{"href":"http:\/\/fegrama.cat\/web\/wp-json\/wp\/v2\/media?parent=30787"}],"wp:term":[{"taxonomy":"category","embeddable":true,"href":"http:\/\/fegrama.cat\/web\/wp-json\/wp\/v2\/categories?post=30787"},{"taxonomy":"post_tag","embeddable":true,"href":"http:\/\/fegrama.cat\/web\/wp-json\/wp\/v2\/tags?post=30787"}],"curies":[{"name":"wp","href":"https:\/\/api.w.org\/{rel}","templated":true}]}}