{"id":3078,"date":"2014-03-31T08:15:01","date_gmt":"2014-03-31T07:15:01","guid":{"rendered":"http:\/\/fegrama.cat\/web\/?p=3078"},"modified":"2014-03-30T18:29:18","modified_gmt":"2014-03-30T17:29:18","slug":"laleviinfantil-femeni-de-la-fegrama-venc-a-casa-del-martinenc-per-3-6","status":"publish","type":"post","link":"http:\/\/fegrama.cat\/web\/laleviinfantil-femeni-de-la-fegrama-venc-a-casa-del-martinenc-per-3-6\/","title":{"rendered":"L&#8217;Alev\u00ed\/Infantil Femen\u00ed de la FEGrama ven\u00e7 a casa del Martinenc per 3-6"},"content":{"rendered":"<p style=\"text-align: justify;\"><span style=\"color: #000000;\">L&#8217;Alev\u00ed\/Infantil Femen\u00ed de la FEGrama dirigit per Goretti ha guanyat a casa del Martinenc per 3-6.<\/span><\/p>\n<p style=\"text-align: justify;\"><span style=\"color: #000000;\">El gols van vindre de part del conjunt de Santa Coloma amb el de Nicoll Campaz als pocs minuts del comen\u00e7ament del partit.<\/span><\/p>\n<p style=\"text-align: justify;\"><span style=\"color: #000000;\">El 0-2 seria c\u00e0rrec de la golejadora Cristina Aponte encara que reduirien dist\u00e0ncies les locals, 1-2, i incl\u00f2s empataven el partit a dos gols.<\/span><\/p>\n<p style=\"text-align: justify;\"><span style=\"color: #000000;\">Per\u00f2 altre cop Nicoll adelantaria amb la transformaci\u00f3 d&#8217;un penal a les jugadores de la Fundaci\u00f3 Grama per posar el 2-3. I altra cop empataria el Martinenc a tres gols.<\/span><\/p>\n<p style=\"text-align: justify;\"><span style=\"color: #000000;\">Aquest empat es trencaria definitivament amb dos gols de Cristina i un d&#8217;Alba Gonz\u00e1lez que deixaven el llumin\u00f2s en el marcador final de 3-6.<\/span><\/p>\n<p style=\"text-align: justify;\"><span style=\"color: #000000;\">Aquesta \u00e9s una important vict\u00f2ria despr\u00e8s de caure a Santa Coloma a la setmana passada amb la visita del segon, la Penya Blanc i Blava La Roca, per 0-2.<\/span><\/p>\n<p style=\"text-align: justify;\"><span style=\"color: #000000;\">El conjunt de la Fundaci\u00f3 Grama continu\u00e0 a la sisena posici\u00f3 amb els grups de dalt de la taula amb la suma d&#8217;aquests 40 punts i augmenta la difer\u00e8ncia amb el perseguidor immediat com \u00e9s el Martinenc.<\/span><\/p>\n<p style=\"text-align: justify;\"><span style=\"color: #000000;\">A la jornada 23 el conjunt femen\u00ed de la Fundaci\u00f3 Grama rebr\u00e0 al Nou Municipal de Santa Coloma al Vilassar de Mar, quart classificat amb 51 punts, el diumenge 6 d&#8217;abril a les 10:30 hores.<\/span><\/p>\n<p style=\"text-align: justify;\"><span style=\"color: #000000;\">[divider]<\/span><\/p>\n<p style=\"text-align: justify;\"><span style=\"color: #000000;\">[button color=\u00bbblue\u00bb size=\u00bbsmall\u00bb link=\u00bbhttp:\/\/www.fcf.cat\/pnfg\/NFG_CmpJornada?cod_primaria=1000120&amp;CodCompeticion=18473338&amp;CodGrupo=18699563&amp;CodTemporada=9&amp;CodJornada=10&#8243; target=\u00bbblank\u00bb ]Resultats[\/button]<\/span><\/p>\n<p style=\"text-align: justify;\"><span style=\"color: #000000;\">[button color=\u00bbblue\u00bb size=\u00bbsmall\u00bb link=\u00bbhttp:\/\/www.fcf.cat\/pnfg\/NPcd\/NFG_VisClasificacion?cod_primaria=1000120&amp;codgrupo=18699563&amp;codcompeticion=18473338&#8243; target=\u00bbblank\u00bb ]Classificaci\u00f3[\/button]<\/span><\/p>\n<p style=\"text-align: justify;\"><span style=\"color: #000000;\">El Alev\u00edn \/ Infantil Femenino de la FEGRAM dirigido por Goretti ha ganado en casa del Martinenc por 3-6 .<\/span><\/p>\n<p style=\"text-align: justify;\"><span style=\"color: #000000;\">El goles vinieron de parte del conjunto de Santa Coloma con el de Nicoll Campaz a los pocos minutos del comienzo del partido .<\/span><\/p>\n<p style=\"text-align: justify;\"><span style=\"color: #000000;\">El 0-2 ser\u00eda cargo de la goleadora Cristina Aponte aunque reducir\u00edan distancias las locales , 1-2 , e incluido empataban el partido a dos goles .<\/span><\/p>\n<p style=\"text-align: justify;\"><span style=\"color: #000000;\">Pero otra vez Nicoll adelantado con la transformaci\u00f3n de un penalti a las jugadoras de la Fundaci\u00f3n Grama para poner el 2-3 . Y otra vez empatar\u00eda el Martinenc a tres goles.<\/span><\/p>\n<p style=\"text-align: justify;\"><span style=\"color: #000000;\">Este empate se romper\u00eda definitivamente con dos goles de Cristina y uno de Alba Gonz\u00e1lez que dejaban el luminoso en el marcador final de 3-6 .<\/span><\/p>\n<p style=\"text-align: justify;\"><span style=\"color: #000000;\">Esta es una importante victoria despu\u00e9s de caer en Santa Coloma en la semana pasada con la visita del segundo , la Pe\u00f1a Blanco y Azul La Roca , por 0-2 .<\/span><\/p>\n<p style=\"text-align: justify;\"><span style=\"color: #000000;\">El conjunto de la Fundaci\u00f3n Grama continu\u00f3 en la sexta posici\u00f3n con los grupos de arriba de la tabla con la suma de estos 40 puntos y aumenta la diferencia con el perseguidor inmediato como es el Martinenc .<\/span><\/p>\n<p style=\"text-align: justify;\"><span style=\"color: #000000;\">En la jornada 23 el conjunto femenino de la Fundaci\u00f3n Grama recibir\u00e1 en el Nou Municipal de Santa Coloma al Vilassar de Mar , cuarto clasificado con 51 puntos , el domingo 6 de abril a las 10:30 horas .<\/span><\/p>\n<p style=\"text-align: justify;\"><span style=\"color: #000000;\"><strong>Visca l&#8217;Esperit Grama!!!<\/strong><\/span><\/p>\n","protected":false},"excerpt":{"rendered":"<p>L&#8217;Alev\u00ed\/Infantil Femen\u00ed de la FEGrama dirigit per Goretti ha guanyat a casa del Martinenc per 3-6. El gols van vindre de part del conjunt de Santa Coloma amb el de Nicoll Campaz als pocs minuts del comen\u00e7ament del partit. El 0-2 seria c\u00e0rrec de la golejadora Cristina Aponte encara que reduirien dist\u00e0ncies les locals, 1-2, [&hellip;]<\/p>\n","protected":false},"author":1,"featured_media":0,"comment_status":"closed","ping_status":"closed","sticky":false,"template":"","format":"standard","meta":{"footnotes":""},"categories":[4,13],"tags":[],"class_list":["post-3078","post","type-post","status-publish","format-standard","hentry","category-base-inclusiu","category-femeni"],"_links":{"self":[{"href":"http:\/\/fegrama.cat\/web\/wp-json\/wp\/v2\/posts\/3078","targetHints":{"allow":["GET"]}}],"collection":[{"href":"http:\/\/fegrama.cat\/web\/wp-json\/wp\/v2\/posts"}],"about":[{"href":"http:\/\/fegrama.cat\/web\/wp-json\/wp\/v2\/types\/post"}],"author":[{"embeddable":true,"href":"http:\/\/fegrama.cat\/web\/wp-json\/wp\/v2\/users\/1"}],"replies":[{"embeddable":true,"href":"http:\/\/fegrama.cat\/web\/wp-json\/wp\/v2\/comments?post=3078"}],"version-history":[{"count":1,"href":"http:\/\/fegrama.cat\/web\/wp-json\/wp\/v2\/posts\/3078\/revisions"}],"predecessor-version":[{"id":3080,"href":"http:\/\/fegrama.cat\/web\/wp-json\/wp\/v2\/posts\/3078\/revisions\/3080"}],"wp:attachment":[{"href":"http:\/\/fegrama.cat\/web\/wp-json\/wp\/v2\/media?parent=3078"}],"wp:term":[{"taxonomy":"category","embeddable":true,"href":"http:\/\/fegrama.cat\/web\/wp-json\/wp\/v2\/categories?post=3078"},{"taxonomy":"post_tag","embeddable":true,"href":"http:\/\/fegrama.cat\/web\/wp-json\/wp\/v2\/tags?post=3078"}],"curies":[{"name":"wp","href":"https:\/\/api.w.org\/{rel}","templated":true}]}}