{"id":30776,"date":"2022-04-30T19:19:07","date_gmt":"2022-04-30T18:19:07","guid":{"rendered":"http:\/\/fegrama.cat\/web\/?p=30776"},"modified":"2022-04-30T19:48:46","modified_gmt":"2022-04-30T18:48:46","slug":"historic-trofeu-nita-carmona","status":"publish","type":"post","link":"http:\/\/fegrama.cat\/web\/historic-trofeu-nita-carmona\/","title":{"rendered":"Hist\u00f2ric Trofeu Nita Carmona"},"content":{"rendered":"\n<div class=\"wp-block-image\"><figure class=\"aligncenter size-large\"><img loading=\"lazy\" decoding=\"async\" width=\"1024\" height=\"682\" src=\"https:\/\/fegrama.cat\/web\/wp-content\/uploads\/2022\/04\/WhatsApp-Image-2022-04-30-at-7.31.57-PM-1024x682.jpeg\" alt=\"\" class=\"wp-image-30779\" srcset=\"http:\/\/fegrama.cat\/web\/wp-content\/uploads\/2022\/04\/WhatsApp-Image-2022-04-30-at-7.31.57-PM-1024x682.jpeg 1024w, http:\/\/fegrama.cat\/web\/wp-content\/uploads\/2022\/04\/WhatsApp-Image-2022-04-30-at-7.31.57-PM-300x200.jpeg 300w, http:\/\/fegrama.cat\/web\/wp-content\/uploads\/2022\/04\/WhatsApp-Image-2022-04-30-at-7.31.57-PM-768x512.jpeg 768w, http:\/\/fegrama.cat\/web\/wp-content\/uploads\/2022\/04\/WhatsApp-Image-2022-04-30-at-7.31.57-PM-1536x1023.jpeg 1536w, http:\/\/fegrama.cat\/web\/wp-content\/uploads\/2022\/04\/WhatsApp-Image-2022-04-30-at-7.31.57-PM.jpeg 1600w\" sizes=\"auto, (max-width: 1024px) 100vw, 1024px\" \/><\/figure><\/div>\n\n\n\n<p>30 d&#8217;abril del 2022, data hist\u00f2rica per a Santa Coloma amb la celebraci\u00f3 del primer trofeu femen\u00ed de la ciutat. El qual portava el nom de Nita Carmona, pionera del futbol femen\u00ed als anys 20.<\/p>\n\n\n\n<p>El partit entre FE Grama i CF Singuerl\u00edn va ser retransm\u00e8s en directe pel canal de l&#8217;Ajuntament de Santa Coloma de Gramenet amb la pres\u00e8ncia de: Mireia Gonz\u00e1lez (Tinentad&#8217;alcaldessa de ciutat educadora, inf\u00e0ncia, joventut i esports), Dani Salgado (Regidor d&#8217;Esports) ), Germ\u00e1n Rosales (Vicepresident FE Grama) i Sergi Anglada (President CF Singuerl\u00edn) com a tertulians, amb el gran treball d&#8217;Isuka Palau com a presentadora.<\/p>\n\n\n\n<p>A l&#8217;esdeveniment van acudir el president de la Fundaci\u00f3 Esportiva Grama, Antonio Morales, aix\u00ed com tamb\u00e9 Encarni Santiago (directiva), Jordi Mart\u00ednez (coordinador general) i Ferr\u00e1n Vil\u00e0 (coordinador futbol femen\u00ed). Per part de l&#8217;Ajuntament va acudir l&#8217;Alcaldessa de la ciutat, N\u00faria Parlon, acompanyada pels seg\u00fcents regidors i regidores: Esteve Serrano, Petry Jim\u00e9nez, \u00c1lvaro Rodilla, B\u00e0rbara Ferrer, Soraya Santaluc\u00eda, Lidia Montero, Toni Atienza, Jos\u00e9 Antonio Rodr\u00edguez i Ana Bel\u00e9n Moreno.<\/p>\n\n\n\n<div class=\"wp-block-image\"><figure class=\"aligncenter size-large\"><img loading=\"lazy\" decoding=\"async\" width=\"1024\" height=\"682\" src=\"https:\/\/fegrama.cat\/web\/wp-content\/uploads\/2022\/04\/WhatsApp-Image-2022-04-30-at-7.32.00-PM-1024x682.jpeg\" alt=\"\" class=\"wp-image-30780\" srcset=\"http:\/\/fegrama.cat\/web\/wp-content\/uploads\/2022\/04\/WhatsApp-Image-2022-04-30-at-7.32.00-PM-1024x682.jpeg 1024w, http:\/\/fegrama.cat\/web\/wp-content\/uploads\/2022\/04\/WhatsApp-Image-2022-04-30-at-7.32.00-PM-300x200.jpeg 300w, http:\/\/fegrama.cat\/web\/wp-content\/uploads\/2022\/04\/WhatsApp-Image-2022-04-30-at-7.32.00-PM-768x512.jpeg 768w, http:\/\/fegrama.cat\/web\/wp-content\/uploads\/2022\/04\/WhatsApp-Image-2022-04-30-at-7.32.00-PM-1536x1023.jpeg 1536w, http:\/\/fegrama.cat\/web\/wp-content\/uploads\/2022\/04\/WhatsApp-Image-2022-04-30-at-7.32.00-PM.jpeg 1600w\" sizes=\"auto, (max-width: 1024px) 100vw, 1024px\" \/><figcaption>Els presidents de les dos entitats, Antonio Morales (Grama) i Sergi Anglada (Singuerl\u00edn) reben una placa commemorativa de apart de l&#8217;Ajuntament.<\/figcaption><\/figure><\/div>\n\n\n\n<p>A la primera edici\u00f3 del trofeu vam poder gaudir d&#8217;un gran partit de futbol, \u200b\u200bamb moltes ocasions de gol, bon joc i moltes alternatives. Faria la sacada d&#8217;honor l&#8217;alcaldessa N\u00faria Parlon, qui va tornar a gaudir al Nou Municipal. Despr\u00e9s d&#8217;un emocionant partit la Grama va acabar proclamant-se campiona. El resultat al final dels 60 minuts va ser d&#8217;1-1, portant el xoc als penals (3-2).<\/p>\n\n\n\n<p>La portera de la Grama, Estela, va rebre el trofeu de campiones de mans de l&#8217;alcaldessa. Aix\u00ed mateix, la capitana del Singuerl\u00edn Irune Flores va rebre el premi a la Millor jugadora del partit. Els presidents de Grama i Singuerl\u00edn, Antonio Morales i Sergi Anglada, van rebre de part de l&#8217;Ajuntament una placa commemorativa. Tots dos presidents mantenen una gran relaci\u00f3 ja que per sobre de rivalitats aquesta Santa Coloma.<\/p>\n\n\n\n<p>L&#8217;esdeveniment es va tancar amb les paraules de N\u00faria Parlon com a Alcaldessa de Santa Coloma. \u00abVull felicitar les jugadores pel partid\u00e0s que han fet. No ser\u00e0 el darrer que vegem. Gr\u00e0cies a l&#8217;afici\u00f3 pel gran comportament. Avui ha guanyat Santa Coloma i l&#8217;esport femen\u00ed.\u00bb<\/p>\n\n\n\n<div class=\"wp-block-image\"><figure class=\"aligncenter size-large\"><img loading=\"lazy\" decoding=\"async\" width=\"1024\" height=\"682\" src=\"https:\/\/fegrama.cat\/web\/wp-content\/uploads\/2022\/04\/WhatsApp-Image-2022-04-30-at-7.31.57-PM-1-1024x682.jpeg\" alt=\"\" class=\"wp-image-30781\" srcset=\"http:\/\/fegrama.cat\/web\/wp-content\/uploads\/2022\/04\/WhatsApp-Image-2022-04-30-at-7.31.57-PM-1-1024x682.jpeg 1024w, http:\/\/fegrama.cat\/web\/wp-content\/uploads\/2022\/04\/WhatsApp-Image-2022-04-30-at-7.31.57-PM-1-300x200.jpeg 300w, http:\/\/fegrama.cat\/web\/wp-content\/uploads\/2022\/04\/WhatsApp-Image-2022-04-30-at-7.31.57-PM-1-768x512.jpeg 768w, http:\/\/fegrama.cat\/web\/wp-content\/uploads\/2022\/04\/WhatsApp-Image-2022-04-30-at-7.31.57-PM-1-1536x1023.jpeg 1536w, http:\/\/fegrama.cat\/web\/wp-content\/uploads\/2022\/04\/WhatsApp-Image-2022-04-30-at-7.31.57-PM-1.jpeg 1600w\" sizes=\"auto, (max-width: 1024px) 100vw, 1024px\" \/><\/figure><\/div>\n\n\n\n<p>30 de abril de 2022, fecha hist\u00f3rica para Santa Coloma con la celebraci\u00f3n del primer trofeo femenino de la ciudad. El cual llevaba el nombre de Nita Carmona, pionera del f\u00fatbol femenino en los a\u00f1os 20.&nbsp;<\/p>\n\n\n\n<p>El partido entre FE Grama y CF Singuerl\u00edn fue retransmitido en directo por el canal del Ajuntament de Santa Coloma de Gramenet con la presencia de: Mireia Gonz\u00e1lez (Tenienta de alcaldesa de ciudad educadora, infancia, juventud y deportes), Dani Salgado (Concejal de Deportes), Germ\u00e1n Rosales (Vicepresidente FE Grama) y Sergi Anglada (Presidente CF Singuerl\u00edn) como tertulianos, con el gran trabajo de Isuka Palau como presentadora.<\/p>\n\n\n\n<p>Al evento acudieron el Presidente de la Fundaci\u00f3 Esportiva Grama, Antonio Morales, as\u00ed como tambi\u00e9n Encarni Santiago (directiva), Jordi Mart\u00ednez (coordinador general) y Ferr\u00e1n Vil\u00e0 (coordinador f\u00fatbol femenino). Por parte del Ayuntamiento acudi\u00f3 la Alcaldesa de la ciudad, N\u00faria Parlon, acompa\u00f1ada por los siguientes concejales y concejalas: Esteve Serrano, Petry Jim\u00e9nez, \u00c1lvaro Rodilla, B\u00e1rbara Ferrer, Soraya Santaluc\u00eda, Lidia Montero, Toni Atienza, Jos\u00e9 Antonio Rodr\u00edguez y Ana Bel\u00e9n Moreno.<\/p>\n\n\n\n<div class=\"wp-block-image\"><figure class=\"aligncenter size-large\"><img loading=\"lazy\" decoding=\"async\" width=\"1024\" height=\"682\" src=\"http:\/\/fegrama.cat\/web\/wp-content\/uploads\/2022\/04\/WhatsApp-Image-2022-04-30-at-7.31.57-PM-1024x682.jpeg\" alt=\"\" class=\"wp-image-30779\" srcset=\"http:\/\/fegrama.cat\/web\/wp-content\/uploads\/2022\/04\/WhatsApp-Image-2022-04-30-at-7.31.57-PM-1024x682.jpeg 1024w, http:\/\/fegrama.cat\/web\/wp-content\/uploads\/2022\/04\/WhatsApp-Image-2022-04-30-at-7.31.57-PM-300x200.jpeg 300w, http:\/\/fegrama.cat\/web\/wp-content\/uploads\/2022\/04\/WhatsApp-Image-2022-04-30-at-7.31.57-PM-768x512.jpeg 768w, http:\/\/fegrama.cat\/web\/wp-content\/uploads\/2022\/04\/WhatsApp-Image-2022-04-30-at-7.31.57-PM-1536x1023.jpeg 1536w, http:\/\/fegrama.cat\/web\/wp-content\/uploads\/2022\/04\/WhatsApp-Image-2022-04-30-at-7.31.57-PM.jpeg 1600w\" sizes=\"auto, (max-width: 1024px) 100vw, 1024px\" \/><\/figure><\/div>\n\n\n\n<p>En la primera edici\u00f3n del trofeo pudimos disfrutar de un gran partido de f\u00fatbol, con muchas ocasiones de gol, buen juego y muchas alternativas. Har\u00eda el saque de honor la alcaldesa N\u00faria Parlon, quien volvi\u00f3 a disfrutar en el Nou Municipal. Tras un emocionante partido la Grama termin\u00f3 proclam\u00e1ndose campeona. El resultado al termino de los 60 minutos fue de 1-1, llevando el choque a los penaltis (3-2).<\/p>\n\n\n\n<p>La portera de la Grama, Estela, recibi\u00f3 el trofeo de campeonas de manos de la alcaldesa. As\u00ed mismo, la capitana del Singuerl\u00edn Irune Flores recibi\u00f3 el premio a la Mejor jugadora del partido. Los presidentes de Grama y Singuerl\u00edn, Antonio Morales y Sergi Anglada, recibieron de parte del Ayuntamiento una placa conmemorativa. Ambos presidentes mantienen una gran relaci\u00f3n ya que por encima de rivalidades esta Santa Coloma.<\/p>\n\n\n\n<p>El evento se cerr\u00f3 con las palabras de N\u00faria Parlon como Alcaldesa de Santa Coloma. \u00abQuiero felicitar a las jugadoras por el partidazo que han realizado. No ser\u00e1 el \u00faltimo que veamos. Gracias a la afici\u00f3n por su gran comportamiento. Hoy ha ganado Santa Coloma y el deporte femenino.\u00bb<\/p>\n","protected":false},"excerpt":{"rendered":"<p>30 d&#8217;abril del 2022, data hist\u00f2rica per a Santa Coloma amb la celebraci\u00f3 del primer trofeu femen\u00ed de la ciutat. El qual portava el nom de Nita Carmona, pionera del futbol femen\u00ed als anys 20. El partit entre FE Grama i CF Singuerl\u00edn va ser retransm\u00e8s en directe pel canal de l&#8217;Ajuntament de Santa Coloma [&hellip;]<\/p>\n","protected":false},"author":1,"featured_media":30779,"comment_status":"closed","ping_status":"closed","sticky":false,"template":"","format":"standard","meta":{"footnotes":""},"categories":[14,15],"tags":[],"class_list":["post-30776","post","type-post","status-publish","format-standard","has-post-thumbnail","hentry","category-noticies","category-noticies-destacades"],"_links":{"self":[{"href":"http:\/\/fegrama.cat\/web\/wp-json\/wp\/v2\/posts\/30776","targetHints":{"allow":["GET"]}}],"collection":[{"href":"http:\/\/fegrama.cat\/web\/wp-json\/wp\/v2\/posts"}],"about":[{"href":"http:\/\/fegrama.cat\/web\/wp-json\/wp\/v2\/types\/post"}],"author":[{"embeddable":true,"href":"http:\/\/fegrama.cat\/web\/wp-json\/wp\/v2\/users\/1"}],"replies":[{"embeddable":true,"href":"http:\/\/fegrama.cat\/web\/wp-json\/wp\/v2\/comments?post=30776"}],"version-history":[{"count":5,"href":"http:\/\/fegrama.cat\/web\/wp-json\/wp\/v2\/posts\/30776\/revisions"}],"predecessor-version":[{"id":30786,"href":"http:\/\/fegrama.cat\/web\/wp-json\/wp\/v2\/posts\/30776\/revisions\/30786"}],"wp:featuredmedia":[{"embeddable":true,"href":"http:\/\/fegrama.cat\/web\/wp-json\/wp\/v2\/media\/30779"}],"wp:attachment":[{"href":"http:\/\/fegrama.cat\/web\/wp-json\/wp\/v2\/media?parent=30776"}],"wp:term":[{"taxonomy":"category","embeddable":true,"href":"http:\/\/fegrama.cat\/web\/wp-json\/wp\/v2\/categories?post=30776"},{"taxonomy":"post_tag","embeddable":true,"href":"http:\/\/fegrama.cat\/web\/wp-json\/wp\/v2\/tags?post=30776"}],"curies":[{"name":"wp","href":"https:\/\/api.w.org\/{rel}","templated":true}]}}