{"id":30768,"date":"2022-04-28T18:38:47","date_gmt":"2022-04-28T17:38:47","guid":{"rendered":"http:\/\/fegrama.cat\/web\/?p=30768"},"modified":"2022-04-28T18:38:48","modified_gmt":"2022-04-28T17:38:48","slug":"exit-absolut-del-xxi-trofeu-torribera-i-ciutat-de-santa-coloma","status":"publish","type":"post","link":"http:\/\/fegrama.cat\/web\/exit-absolut-del-xxi-trofeu-torribera-i-ciutat-de-santa-coloma\/","title":{"rendered":"\u00c8xit absolut del XXI Trofeu Torribera-I Ciutat de Santa Coloma"},"content":{"rendered":"\n<div class=\"wp-block-image\"><figure class=\"aligncenter size-large\"><img loading=\"lazy\" decoding=\"async\" width=\"1024\" height=\"682\" src=\"http:\/\/fegrama.cat\/web\/wp-content\/uploads\/2022\/04\/IMG-20220428-WA0020-1024x682.jpg\" alt=\"\" class=\"wp-image-30772\" srcset=\"http:\/\/fegrama.cat\/web\/wp-content\/uploads\/2022\/04\/IMG-20220428-WA0020-1024x682.jpg 1024w, http:\/\/fegrama.cat\/web\/wp-content\/uploads\/2022\/04\/IMG-20220428-WA0020-300x200.jpg 300w, http:\/\/fegrama.cat\/web\/wp-content\/uploads\/2022\/04\/IMG-20220428-WA0020-768x512.jpg 768w, http:\/\/fegrama.cat\/web\/wp-content\/uploads\/2022\/04\/IMG-20220428-WA0020-1536x1023.jpg 1536w, http:\/\/fegrama.cat\/web\/wp-content\/uploads\/2022\/04\/IMG-20220428-WA0020.jpg 1600w\" sizes=\"auto, (max-width: 1024px) 100vw, 1024px\" \/><\/figure><\/div>\n\n\n\n<p>Mat\u00ed de bon futbol al Nou Municipal de la Grama amb la celebraci\u00f3 del XXI Trofeu Torribera i I Ciutat de Santa Coloma de Gramenet. Organitzat pel Centre Dr. Emili Mira (CAEM) de l\u2019Institut de Neuropsiquiatria i Addiccions (INAD) del Parc de Salut Mar (PSMAR) i la Fundaci\u00f3 Esportiva Grama.<\/p>\n\n\n\n<div class=\"wp-block-image\"><figure class=\"aligncenter size-large\"><img loading=\"lazy\" decoding=\"async\" width=\"1024\" height=\"682\" src=\"http:\/\/fegrama.cat\/web\/wp-content\/uploads\/2022\/04\/IMG-20220428-WA0017-1024x682.jpg\" alt=\"\" class=\"wp-image-30774\" srcset=\"http:\/\/fegrama.cat\/web\/wp-content\/uploads\/2022\/04\/IMG-20220428-WA0017-1024x682.jpg 1024w, http:\/\/fegrama.cat\/web\/wp-content\/uploads\/2022\/04\/IMG-20220428-WA0017-300x200.jpg 300w, http:\/\/fegrama.cat\/web\/wp-content\/uploads\/2022\/04\/IMG-20220428-WA0017-768x512.jpg 768w, http:\/\/fegrama.cat\/web\/wp-content\/uploads\/2022\/04\/IMG-20220428-WA0017-1536x1023.jpg 1536w, http:\/\/fegrama.cat\/web\/wp-content\/uploads\/2022\/04\/IMG-20220428-WA0017.jpg 1600w\" sizes=\"auto, (max-width: 1024px) 100vw, 1024px\" \/><\/figure><\/div>\n\n\n\n<p>Va comptar amb la participaci\u00f3 dels equips inclusius de la FE Grama, UE Cornell\u00e0, FC Martinenc, Terrassa, Manresa i Selecci\u00f3 CAEM-Club La Masia.<\/p>\n\n\n\n<p>Matinal de gran ambient, un clima perfecte per a la pr\u00e0ctica del futbol, \u200b\u200bdiversi\u00f3 i molta il\u00b7lusi\u00f3 a la gespa. La Fundaci\u00f3 Esportiva Grama es va proclamar campiona derrotant a la final a la Selecci\u00f3 CAEM-Club La Masia.<\/p>\n\n\n\n<div class=\"wp-block-image\"><figure class=\"aligncenter size-large\"><img loading=\"lazy\" decoding=\"async\" width=\"1024\" height=\"682\" src=\"http:\/\/fegrama.cat\/web\/wp-content\/uploads\/2022\/04\/IMG-20220428-WA0024-1024x682.jpg\" alt=\"\" class=\"wp-image-30771\" srcset=\"http:\/\/fegrama.cat\/web\/wp-content\/uploads\/2022\/04\/IMG-20220428-WA0024-1024x682.jpg 1024w, http:\/\/fegrama.cat\/web\/wp-content\/uploads\/2022\/04\/IMG-20220428-WA0024-300x200.jpg 300w, http:\/\/fegrama.cat\/web\/wp-content\/uploads\/2022\/04\/IMG-20220428-WA0024-768x512.jpg 768w, http:\/\/fegrama.cat\/web\/wp-content\/uploads\/2022\/04\/IMG-20220428-WA0024-1536x1023.jpg 1536w, http:\/\/fegrama.cat\/web\/wp-content\/uploads\/2022\/04\/IMG-20220428-WA0024.jpg 1600w\" sizes=\"auto, (max-width: 1024px) 100vw, 1024px\" \/><\/figure><\/div>\n\n\n\n<p>La Grama va rebre el seu trofeu de mans de Jes\u00fas Cerezo, professional implicat des de la primera edici\u00f3 del Trofeu. A m\u00e9s, Daniel Caba\u00f1as va rebre el premi al Jugador M\u00e9s Carism\u00e0tic.<\/p>\n\n\n\n<p>Van estar presents i van fer el lliurament de trofeus: Antonio Morales (president FE Grama), Daniel Salgado (regidor d&#8217;esports de l&#8217;Ajuntament de Santa Coloma), Soraya Santalucia (regidor de Salut, Consum i Gent Gran), Juanma Pons (entrenador 1r equip Grama ), Joan Ram\u00f3n Fortuny (director proc\u00e9s de Rehabilitaci\u00f3 Psicosocial del CAEM), V\u00edctor Frias (director del CAEM) i Mawan Bonilla (delegada Mapfre a Macro).<\/p>\n\n\n\n<div class=\"wp-block-image\"><figure class=\"aligncenter size-large\"><img loading=\"lazy\" decoding=\"async\" width=\"1024\" height=\"682\" src=\"http:\/\/fegrama.cat\/web\/wp-content\/uploads\/2022\/04\/IMG-20220428-WA0026-1024x682.jpg\" alt=\"\" class=\"wp-image-30769\" srcset=\"http:\/\/fegrama.cat\/web\/wp-content\/uploads\/2022\/04\/IMG-20220428-WA0026-1024x682.jpg 1024w, http:\/\/fegrama.cat\/web\/wp-content\/uploads\/2022\/04\/IMG-20220428-WA0026-300x200.jpg 300w, http:\/\/fegrama.cat\/web\/wp-content\/uploads\/2022\/04\/IMG-20220428-WA0026-768x512.jpg 768w, http:\/\/fegrama.cat\/web\/wp-content\/uploads\/2022\/04\/IMG-20220428-WA0026-1536x1023.jpg 1536w, http:\/\/fegrama.cat\/web\/wp-content\/uploads\/2022\/04\/IMG-20220428-WA0026.jpg 1600w\" sizes=\"auto, (max-width: 1024px) 100vw, 1024px\" \/><\/figure><\/div>\n\n\n\n<p>Ma\u00f1ana de buen f\u00fatbol en el Nou Municipal de la Grama con la celebraci\u00f3n del XXI Trofeu Torribera y I Ciutat de Santa Coloma de Gramenet. Organizado por el Centre Dr. Emili Mira (CAEM) de l&#8217;Institut de Neuropsiquiatria i Addiccions (INAD) del Parc de Salut Mar (PSMAR) i la Fundaci\u00f3 Esportiva Grama.<\/p>\n\n\n\n<p>Cont\u00f3 con la participaci\u00f3n de los equipos inclusivos de la FE Grama, UE Cornell\u00e0, FC Martinenc, Terrassa, Manresa y Selecci\u00f3n CAEM-Club La Masia.<\/p>\n\n\n\n<p>Matinal de gran ambiente, un clima perfecto para la pr\u00e1ctica del f\u00fatbol, diversi\u00f3n y mucha ilusi\u00f3n en el c\u00e9sped. La Fundaci\u00f3 Esportiva Grama se proclam\u00f3 campeona derrotando en la final al Selecci\u00f3n CAEM-Club La Masia.<\/p>\n\n\n\n<p>La Grama recibi\u00f3 su trofeo de manos de Jes\u00fas Cerezo, professional implicado desde la primera edici\u00f3n del Trofeo. Adem\u00e1s, Daniel Caba\u00f1as recibi\u00f3 el premio al Jugador M\u00e1s Carism\u00e1tico.<\/p>\n\n\n\n<p>Estuvieron presentes y realizaron la entrega de trofeos: Antonio Morales (presidente FE Grama), Daniel Salgado (concejal de deportes del Ayuntamiento de Santa Coloma), Soraya Santalucia (concejal de Salud, Consumo y Gente Grande), Juanma Pons (entrenador 1r equipo Grama), Joan Ram\u00f3n Fortuny (director proces de Rehabilitaci\u00f3 Psicosocial del CAEM), V\u00edctor Frias (director del CAEM) y Mawan Bonilla (delegada Mapfre a Macro).<\/p>\n","protected":false},"excerpt":{"rendered":"<p>Mat\u00ed de bon futbol al Nou Municipal de la Grama amb la celebraci\u00f3 del XXI Trofeu Torribera i I Ciutat de Santa Coloma de Gramenet. Organitzat pel Centre Dr. Emili Mira (CAEM) de l\u2019Institut de Neuropsiquiatria i Addiccions (INAD) del Parc de Salut Mar (PSMAR) i la Fundaci\u00f3 Esportiva Grama. Va comptar amb la participaci\u00f3 [&hellip;]<\/p>\n","protected":false},"author":1,"featured_media":30769,"comment_status":"closed","ping_status":"closed","sticky":false,"template":"","format":"standard","meta":{"footnotes":""},"categories":[14,15],"tags":[],"class_list":["post-30768","post","type-post","status-publish","format-standard","has-post-thumbnail","hentry","category-noticies","category-noticies-destacades"],"_links":{"self":[{"href":"http:\/\/fegrama.cat\/web\/wp-json\/wp\/v2\/posts\/30768","targetHints":{"allow":["GET"]}}],"collection":[{"href":"http:\/\/fegrama.cat\/web\/wp-json\/wp\/v2\/posts"}],"about":[{"href":"http:\/\/fegrama.cat\/web\/wp-json\/wp\/v2\/types\/post"}],"author":[{"embeddable":true,"href":"http:\/\/fegrama.cat\/web\/wp-json\/wp\/v2\/users\/1"}],"replies":[{"embeddable":true,"href":"http:\/\/fegrama.cat\/web\/wp-json\/wp\/v2\/comments?post=30768"}],"version-history":[{"count":2,"href":"http:\/\/fegrama.cat\/web\/wp-json\/wp\/v2\/posts\/30768\/revisions"}],"predecessor-version":[{"id":30775,"href":"http:\/\/fegrama.cat\/web\/wp-json\/wp\/v2\/posts\/30768\/revisions\/30775"}],"wp:featuredmedia":[{"embeddable":true,"href":"http:\/\/fegrama.cat\/web\/wp-json\/wp\/v2\/media\/30769"}],"wp:attachment":[{"href":"http:\/\/fegrama.cat\/web\/wp-json\/wp\/v2\/media?parent=30768"}],"wp:term":[{"taxonomy":"category","embeddable":true,"href":"http:\/\/fegrama.cat\/web\/wp-json\/wp\/v2\/categories?post=30768"},{"taxonomy":"post_tag","embeddable":true,"href":"http:\/\/fegrama.cat\/web\/wp-json\/wp\/v2\/tags?post=30768"}],"curies":[{"name":"wp","href":"https:\/\/api.w.org\/{rel}","templated":true}]}}