{"id":30760,"date":"2022-04-27T09:41:42","date_gmt":"2022-04-27T08:41:42","guid":{"rendered":"http:\/\/fegrama.cat\/web\/?p=30760"},"modified":"2022-04-27T09:42:04","modified_gmt":"2022-04-27T08:42:04","slug":"el-cadet-a-cau-contra-el-lider-1-2","status":"publish","type":"post","link":"http:\/\/fegrama.cat\/web\/el-cadet-a-cau-contra-el-lider-1-2\/","title":{"rendered":"El Cadet A cau contra el l\u00edder (1-2)"},"content":{"rendered":"\n<p>Despr\u00e9s de la gran vict\u00f2ria a casa per 3-0 aquest cap de setmana, el Cadet A va jugar ahir un partit ajornat davant del RCD Espanyol, el l\u00edder, amb resultat d&#8217;1-2.<\/p>\n\n\n\n<p>A la Grama li va costar entrar al partit, cometent errors puntuals en els primers 20 minuts que els acabaria costant dos gols encaixats. A partir d&#8217;aqu\u00ed van anar agafant el ritme.<\/p>\n\n\n\n<p>La segona part va ser pr\u00e0cticament dels colomencs, dominant molt m\u00e9s que el rival i generant diverses ocasions per marcar i posar-se al davant. Finalment derrota 1-2 contra el l\u00edder.<\/p>\n\n\n\n<p class=\"has-text-align-center\"><em>Marcos Pascual (entrenador):\u00bb Amb el cap ben alt i orgullosos d&#8217;haver demostrat la personalitat per dominar el partit d&#8217;aquesta manera contra un equip com l&#8217;Espanyol. Continuem millorant i competint cada setmana millor.\u00bb<\/em><\/p>\n\n\n\n<hr class=\"wp-block-separator\"\/>\n\n\n\n<p>Despu\u00e9s de la gran victoria en casa por 3-0 este fin de semana, el Cadete A jug\u00f3 ayer un partido aplazado ante el RCD Espanyol, el l\u00edder, con resultado de 1-2.<\/p>\n\n\n\n<p>A la Grama le cost\u00f3 entrar en el partido, cometiendo errores puntuales en los primeros 20 minutos que les acabar\u00eda costando dos goles encajados. A partir de ah\u00ed, fueron cogiendo el ritmo.<\/p>\n\n\n\n<p>La segunda parte fue pr\u00e1cticamente de los colomenses, dominando mucho m\u00e1s que el rival y generando varias ocasiones para marcar y ponerse por delante. Finalmente derrota 1-2 contra el l\u00edder.<\/p>\n\n\n\n<p class=\"has-text-align-center\"><em>Marcos Pascual (entrenador):\u00bb Con la cabeza bien alta y orgullosos de haber demostrado la personalidad para dominarle el partido de esa manera a un equipo como Espanyol. Seguimos mejorando y compitiendo cada semana mejor.\u00bb<\/em><\/p>\n","protected":false},"excerpt":{"rendered":"<p>Despr\u00e9s de la gran vict\u00f2ria a casa per 3-0 aquest cap de setmana, el Cadet A va jugar ahir un partit ajornat davant del RCD Espanyol, el l\u00edder, amb resultat d&#8217;1-2. A la Grama li va costar entrar al partit, cometent errors puntuals en els primers 20 minuts que els acabaria costant dos gols encaixats. [&hellip;]<\/p>\n","protected":false},"author":1,"featured_media":30644,"comment_status":"closed","ping_status":"closed","sticky":false,"template":"","format":"standard","meta":{"footnotes":""},"categories":[4,7],"tags":[],"class_list":["post-30760","post","type-post","status-publish","format-standard","has-post-thumbnail","hentry","category-base-inclusiu","category-cadets"],"_links":{"self":[{"href":"http:\/\/fegrama.cat\/web\/wp-json\/wp\/v2\/posts\/30760","targetHints":{"allow":["GET"]}}],"collection":[{"href":"http:\/\/fegrama.cat\/web\/wp-json\/wp\/v2\/posts"}],"about":[{"href":"http:\/\/fegrama.cat\/web\/wp-json\/wp\/v2\/types\/post"}],"author":[{"embeddable":true,"href":"http:\/\/fegrama.cat\/web\/wp-json\/wp\/v2\/users\/1"}],"replies":[{"embeddable":true,"href":"http:\/\/fegrama.cat\/web\/wp-json\/wp\/v2\/comments?post=30760"}],"version-history":[{"count":2,"href":"http:\/\/fegrama.cat\/web\/wp-json\/wp\/v2\/posts\/30760\/revisions"}],"predecessor-version":[{"id":30762,"href":"http:\/\/fegrama.cat\/web\/wp-json\/wp\/v2\/posts\/30760\/revisions\/30762"}],"wp:featuredmedia":[{"embeddable":true,"href":"http:\/\/fegrama.cat\/web\/wp-json\/wp\/v2\/media\/30644"}],"wp:attachment":[{"href":"http:\/\/fegrama.cat\/web\/wp-json\/wp\/v2\/media?parent=30760"}],"wp:term":[{"taxonomy":"category","embeddable":true,"href":"http:\/\/fegrama.cat\/web\/wp-json\/wp\/v2\/categories?post=30760"},{"taxonomy":"post_tag","embeddable":true,"href":"http:\/\/fegrama.cat\/web\/wp-json\/wp\/v2\/tags?post=30760"}],"curies":[{"name":"wp","href":"https:\/\/api.w.org\/{rel}","templated":true}]}}