{"id":30758,"date":"2022-04-26T19:33:46","date_gmt":"2022-04-26T18:33:46","guid":{"rendered":"http:\/\/fegrama.cat\/web\/?p=30758"},"modified":"2022-04-27T09:26:28","modified_gmt":"2022-04-27T08:26:28","slug":"croniques-de-copa-cadeca-amb-lescola-a-i-b","status":"publish","type":"post","link":"http:\/\/fegrama.cat\/web\/croniques-de-copa-cadeca-amb-lescola-a-i-b\/","title":{"rendered":"Cr\u00f2niques de \u201cCopa Cadeca\u201d amb l\u2019Escola \u201cA\u201d i \u201cB\u201d."},"content":{"rendered":"\n<p>Els partits que van jugar els nostres petits pertanyen a la Copa\u00a0Cadeca, iniciada fa un parell de setmanes.<br><br>El primer va ser el de l&#8217;Escola \u201cB\u201d contra el Barcino en el qual nom\u00e9s van jugar dues parts pel fet que l&#8217;equip contrari no va poder seguir per un cop en el joc.<br><br>En el temps que es va jugar, va ser un bon partit dels nostres amb gol d&#8217;Iker.<br>L&#8217;entrenador esmenta que tots els \u201cnens\u201d continuen millorant dia a dia en tots els aspectes: VALORS I TREBALL EN EQUIP!<\/p>\n\n\n\n<p>Els de l&#8217;Escola\u00a0\u201cA\u201d contra el\u00a0Llefi\u00e0\u00a0\u201cB\u201d va haver de jugar-se en dues parts pel temporal que no va donar temps a acabar-lo, per la qual cosa va donar la vict\u00f2ria als de la\u00a0Grama\u00a0amb un 5 a 2 en el qual tornen a sortir a flotaci\u00f3 els valors adquirits i el treball en grup.<br><br>Gr\u00e0cies a aix\u00f2 van aconseguir quedar subcampions en la lliga!<\/p>\n\n\n\n<p><\/p>\n\n\n\n<hr class=\"wp-block-separator\"\/>\n\n\n\n<p><\/p>\n\n\n\n<p>Los partidos que jugaron nuestros peque\u00f1os pertenecen a la Copa Cadeca, iniciada hace un par de semanas.<\/p>\n\n\n\n<p>El primero fue el de la Escuela \u201cB\u201d contra el Barcino en el que solo jugaron dos partes debido a que el equipo contrario no pudo seguir por un golpe en el juego.<\/p>\n\n\n\n<p>En el tiempo que se jug\u00f3, fue un buen partido de los nuestros con gol de Iker.<\/p>\n\n\n\n<p>El entrenador menciona que todos los \u201cpeques\u201d siguen mejorando d\u00eda a d\u00eda en todos los aspectos: VALORES Y TRABAJO EN EQUIPO!<\/p>\n\n\n\n<p>Los de la Escuelita \u201cA\u201d contra el Llefi\u00e0 \u201cB\u201d tuvo que jugarse en dos partes por el temporal que no dio tiempo a terminarlo, por lo que dio la victoria a los de la Grama con un 5 a 2 en el que vuelven a salir a flote los valores adquiridos y el trabajo en grupo.&nbsp;<\/p>\n\n\n\n<p>\u00a1Gracias a ello consiguieron quedar subcampeones en la liga!<\/p>\n","protected":false},"excerpt":{"rendered":"<p>Els partits que van jugar els nostres petits pertanyen a la Copa\u00a0Cadeca, iniciada fa un parell de setmanes. El primer va ser el de l&#8217;Escola \u201cB\u201d contra el Barcino en el qual nom\u00e9s van jugar dues parts pel fet que l&#8217;equip contrari no va poder seguir per un cop en el joc. En el temps [&hellip;]<\/p>\n","protected":false},"author":1,"featured_media":0,"comment_status":"closed","ping_status":"closed","sticky":false,"template":"","format":"standard","meta":{"footnotes":""},"categories":[4,33],"tags":[],"class_list":["post-30758","post","type-post","status-publish","format-standard","hentry","category-base-inclusiu","category-escola-diari-feg"],"_links":{"self":[{"href":"http:\/\/fegrama.cat\/web\/wp-json\/wp\/v2\/posts\/30758","targetHints":{"allow":["GET"]}}],"collection":[{"href":"http:\/\/fegrama.cat\/web\/wp-json\/wp\/v2\/posts"}],"about":[{"href":"http:\/\/fegrama.cat\/web\/wp-json\/wp\/v2\/types\/post"}],"author":[{"embeddable":true,"href":"http:\/\/fegrama.cat\/web\/wp-json\/wp\/v2\/users\/1"}],"replies":[{"embeddable":true,"href":"http:\/\/fegrama.cat\/web\/wp-json\/wp\/v2\/comments?post=30758"}],"version-history":[{"count":1,"href":"http:\/\/fegrama.cat\/web\/wp-json\/wp\/v2\/posts\/30758\/revisions"}],"predecessor-version":[{"id":30759,"href":"http:\/\/fegrama.cat\/web\/wp-json\/wp\/v2\/posts\/30758\/revisions\/30759"}],"wp:attachment":[{"href":"http:\/\/fegrama.cat\/web\/wp-json\/wp\/v2\/media?parent=30758"}],"wp:term":[{"taxonomy":"category","embeddable":true,"href":"http:\/\/fegrama.cat\/web\/wp-json\/wp\/v2\/categories?post=30758"},{"taxonomy":"post_tag","embeddable":true,"href":"http:\/\/fegrama.cat\/web\/wp-json\/wp\/v2\/tags?post=30758"}],"curies":[{"name":"wp","href":"https:\/\/api.w.org\/{rel}","templated":true}]}}