{"id":30711,"date":"2022-04-25T11:57:18","date_gmt":"2022-04-25T10:57:18","guid":{"rendered":"http:\/\/fegrama.cat\/web\/?p=30711"},"modified":"2022-04-25T11:57:19","modified_gmt":"2022-04-25T10:57:19","slug":"el-cadet-femeni-ho-torna-a-fer","status":"publish","type":"post","link":"http:\/\/fegrama.cat\/web\/el-cadet-femeni-ho-torna-a-fer\/","title":{"rendered":"El Cadet Femen\u00ed ho torna a fer!"},"content":{"rendered":"\n<p><strong>Cadet Femen\u00ed 7 &#8211; Matar\u00f3 3<\/strong><\/p>\n\n\n\n<p>Les noies del Cadet Femen\u00ed van jugar el seu partit a casa. Aquesta vegada, va tocar contra les terceres, per\u00f2 aix\u00f2 no va impedir que les nostres es quedessin amb la vict\u00f2ria a casa. Gr\u00e0cies a aix\u00f2 es va permetre seguir a tan sols un punt de les primeres.<br>Gran partit el que es va poder veure el passat cap de setmana en el qual les noies de la&nbsp;Grama&nbsp;no van defraudar malgrat competir contra un equip molt igualat en la taula.<\/p>\n\n\n\n<p>Toca seguir aix\u00ed i no baixar els bra\u00e7os!<\/p>\n\n\n\n<figure class=\"wp-block-image size-large\"><img loading=\"lazy\" decoding=\"async\" width=\"1024\" height=\"768\" src=\"http:\/\/fegrama.cat\/web\/wp-content\/uploads\/2022\/04\/CADETE-FEM-1-1024x768.jpeg\" alt=\"\" class=\"wp-image-30712\" srcset=\"http:\/\/fegrama.cat\/web\/wp-content\/uploads\/2022\/04\/CADETE-FEM-1-1024x768.jpeg 1024w, http:\/\/fegrama.cat\/web\/wp-content\/uploads\/2022\/04\/CADETE-FEM-1-300x225.jpeg 300w, http:\/\/fegrama.cat\/web\/wp-content\/uploads\/2022\/04\/CADETE-FEM-1-768x576.jpeg 768w, http:\/\/fegrama.cat\/web\/wp-content\/uploads\/2022\/04\/CADETE-FEM-1-1536x1152.jpeg 1536w, http:\/\/fegrama.cat\/web\/wp-content\/uploads\/2022\/04\/CADETE-FEM-1.jpeg 2048w\" sizes=\"auto, (max-width: 1024px) 100vw, 1024px\" \/><\/figure>\n\n\n\n<p><\/p>\n\n\n\n<hr class=\"wp-block-separator\"\/>\n\n\n\n<p><\/p>\n\n\n\n<p><strong>Cadete Femenino 7 &#8211; Matar\u00f3 3<\/strong><\/p>\n\n\n\n<p>Las chicas del Cadete Femenino jugaron su partido en casa. Esta vez, toc\u00f3 contra las terceras, pero eso no impidi\u00f3 que las nuestras se quedasen con la victoria en casa. Gracias a ello se permiti\u00f3 seguir a tan solo un punto de las primeras.&nbsp;<\/p>\n\n\n\n<p>Gran partido el que se pudo ver el pasado fin de semana en el que las chicas de la Grama no defraudaron a pesar de competir contra un equipo muy igualado en la tabla.<\/p>\n\n\n\n<p>\u00a1Toca seguir as\u00ed y no bajar los brazos!<\/p>\n","protected":false},"excerpt":{"rendered":"<p>Cadet Femen\u00ed 7 &#8211; Matar\u00f3 3 Les noies del Cadet Femen\u00ed van jugar el seu partit a casa. Aquesta vegada, va tocar contra les terceres, per\u00f2 aix\u00f2 no va impedir que les nostres es quedessin amb la vict\u00f2ria a casa. Gr\u00e0cies a aix\u00f2 es va permetre seguir a tan sols un punt de les primeres.Gran [&hellip;]<\/p>\n","protected":false},"author":1,"featured_media":30712,"comment_status":"closed","ping_status":"closed","sticky":false,"template":"","format":"standard","meta":{"footnotes":""},"categories":[13],"tags":[],"class_list":["post-30711","post","type-post","status-publish","format-standard","has-post-thumbnail","hentry","category-femeni"],"_links":{"self":[{"href":"http:\/\/fegrama.cat\/web\/wp-json\/wp\/v2\/posts\/30711","targetHints":{"allow":["GET"]}}],"collection":[{"href":"http:\/\/fegrama.cat\/web\/wp-json\/wp\/v2\/posts"}],"about":[{"href":"http:\/\/fegrama.cat\/web\/wp-json\/wp\/v2\/types\/post"}],"author":[{"embeddable":true,"href":"http:\/\/fegrama.cat\/web\/wp-json\/wp\/v2\/users\/1"}],"replies":[{"embeddable":true,"href":"http:\/\/fegrama.cat\/web\/wp-json\/wp\/v2\/comments?post=30711"}],"version-history":[{"count":1,"href":"http:\/\/fegrama.cat\/web\/wp-json\/wp\/v2\/posts\/30711\/revisions"}],"predecessor-version":[{"id":30713,"href":"http:\/\/fegrama.cat\/web\/wp-json\/wp\/v2\/posts\/30711\/revisions\/30713"}],"wp:featuredmedia":[{"embeddable":true,"href":"http:\/\/fegrama.cat\/web\/wp-json\/wp\/v2\/media\/30712"}],"wp:attachment":[{"href":"http:\/\/fegrama.cat\/web\/wp-json\/wp\/v2\/media?parent=30711"}],"wp:term":[{"taxonomy":"category","embeddable":true,"href":"http:\/\/fegrama.cat\/web\/wp-json\/wp\/v2\/categories?post=30711"},{"taxonomy":"post_tag","embeddable":true,"href":"http:\/\/fegrama.cat\/web\/wp-json\/wp\/v2\/tags?post=30711"}],"curies":[{"name":"wp","href":"https:\/\/api.w.org\/{rel}","templated":true}]}}