{"id":30709,"date":"2022-04-24T22:00:32","date_gmt":"2022-04-24T21:00:32","guid":{"rendered":"http:\/\/fegrama.cat\/web\/?p=30709"},"modified":"2022-04-24T22:00:33","modified_gmt":"2022-04-24T21:00:33","slug":"derrota-pel-prebenjami-a-pero-amb-millores-dels-nostres-petits","status":"publish","type":"post","link":"http:\/\/fegrama.cat\/web\/derrota-pel-prebenjami-a-pero-amb-millores-dels-nostres-petits\/","title":{"rendered":"Derrota pel Prebenjam\u00ed \u00abA\u00bb per\u00f2 amb millores dels nostres petits!"},"content":{"rendered":"\n<p><strong>Collblanc\u00a0Sants 6 &#8211;\u00a0Prebenjam\u00ed\u00a0\u201cA\u201d 1<\/strong><\/p>\n\n\n\n<p>Els petitons del prebenjam\u00ed \u201cA\u201d van jugar el seu partit fora de casa. Un molt bon partit per part dels nostres, per\u00f2 que no perdona els gols contraris. En el segon quart es reben quatre gols del\u00a0Collblanc\u00a0Sants que sentencia als de la\u00a0Grama.<br><br>Encara aix\u00ed els nois segueixen en tend\u00e8ncia de millora, a poc a poc fan millors partits i aquesta \u00e9s la din\u00e0mica a seguir.<\/p>\n\n\n\n<p><\/p>\n\n\n\n<hr class=\"wp-block-separator\"\/>\n\n\n\n<p><\/p>\n\n\n\n<p><strong>Collblanc Sants 6 &#8211; Prebenjam\u00edn \u201cA\u201d 1<\/strong><\/p>\n\n\n\n<p>Los peque\u00f1itos del Prebenjam\u00edn \u201cA\u201d jugaron su partido fuera de casa. Un muy buen partido por parte de los nuestros, pero que no perdona los goles contrarios. En el segundo cuarto se reciben cuatro goles del Collblanc Sants que sentencia a los de la Grama.<\/p>\n\n\n\n<p>A\u00fan as\u00ed los chicos siguen en tendencia de mejora, poco a poco hacen mejores partidos y esta es la din\u00e1mica a seguir.<\/p>\n","protected":false},"excerpt":{"rendered":"<p>Collblanc\u00a0Sants 6 &#8211;\u00a0Prebenjam\u00ed\u00a0\u201cA\u201d 1 Els petitons del prebenjam\u00ed \u201cA\u201d van jugar el seu partit fora de casa. Un molt bon partit per part dels nostres, per\u00f2 que no perdona els gols contraris. En el segon quart es reben quatre gols del\u00a0Collblanc\u00a0Sants que sentencia als de la\u00a0Grama. Encara aix\u00ed els nois segueixen en tend\u00e8ncia de millora, [&hellip;]<\/p>\n","protected":false},"author":1,"featured_media":0,"comment_status":"closed","ping_status":"closed","sticky":false,"template":"","format":"standard","meta":{"footnotes":""},"categories":[4,12],"tags":[],"class_list":["post-30709","post","type-post","status-publish","format-standard","hentry","category-base-inclusiu","category-prebenjamins"],"_links":{"self":[{"href":"http:\/\/fegrama.cat\/web\/wp-json\/wp\/v2\/posts\/30709","targetHints":{"allow":["GET"]}}],"collection":[{"href":"http:\/\/fegrama.cat\/web\/wp-json\/wp\/v2\/posts"}],"about":[{"href":"http:\/\/fegrama.cat\/web\/wp-json\/wp\/v2\/types\/post"}],"author":[{"embeddable":true,"href":"http:\/\/fegrama.cat\/web\/wp-json\/wp\/v2\/users\/1"}],"replies":[{"embeddable":true,"href":"http:\/\/fegrama.cat\/web\/wp-json\/wp\/v2\/comments?post=30709"}],"version-history":[{"count":1,"href":"http:\/\/fegrama.cat\/web\/wp-json\/wp\/v2\/posts\/30709\/revisions"}],"predecessor-version":[{"id":30710,"href":"http:\/\/fegrama.cat\/web\/wp-json\/wp\/v2\/posts\/30709\/revisions\/30710"}],"wp:attachment":[{"href":"http:\/\/fegrama.cat\/web\/wp-json\/wp\/v2\/media?parent=30709"}],"wp:term":[{"taxonomy":"category","embeddable":true,"href":"http:\/\/fegrama.cat\/web\/wp-json\/wp\/v2\/categories?post=30709"},{"taxonomy":"post_tag","embeddable":true,"href":"http:\/\/fegrama.cat\/web\/wp-json\/wp\/v2\/tags?post=30709"}],"curies":[{"name":"wp","href":"https:\/\/api.w.org\/{rel}","templated":true}]}}