{"id":30707,"date":"2022-04-24T21:49:10","date_gmt":"2022-04-24T20:49:10","guid":{"rendered":"http:\/\/fegrama.cat\/web\/?p=30707"},"modified":"2022-04-24T21:49:11","modified_gmt":"2022-04-24T20:49:11","slug":"queda-poc-pero-el-cadet-b-no-deixa-de-lluitar","status":"publish","type":"post","link":"http:\/\/fegrama.cat\/web\/queda-poc-pero-el-cadet-b-no-deixa-de-lluitar\/","title":{"rendered":"Queda poc, per\u00f2 el Cadet \u00abB\u00bb no deixa de lluitar."},"content":{"rendered":"\n<p><strong>Figueres 1 &#8211; Cadet \u00abB\u00bb 0<\/strong><\/p>\n\n\n\n<p>Futbol \u00e9s futbol! Va dir&nbsp;Vujadin&nbsp;Boskov&nbsp;en 1979 i,&nbsp;43&nbsp;anys m\u00e9s tard, segueix tan vigent com el primer dia.<\/p>\n\n\n\n<p>Els jugadors del Cadet B de Grama l&#8217;estan experimentant al llarg d&#8217;aquesta temporada i \u00e9s que, com m\u00e9s alta \u00e9s la categoria, m\u00e9s importen els detalls. Fixin-se en aquest: \u00abun servei de cantonada, un \u00absemirebuig\u00bb, la pilota rebota en la cara d&#8217;un jugador rival i s&#8217;introdueix sense remei en la porteria blavenca\u00bb.<\/p>\n\n\n\n<p>Aix\u00f2 va succeir al final de la primera meitat de la trobada davant l&#8217;O.E. Figueres, jugat a la seva casa, en la qual va haver-hi molts acostaments per part dels visitants i dos dels locals.<\/p>\n\n\n\n<p>Els de Santa Coloma van ser un vendaval en la segona part. Nom\u00e9s es va jugar en la meitat de camp local, on va haver-hi, almenys 8-10 ocasions clares de gol entre rematades i passis de la \u00abmort\u00bb que no es van concretar i aix\u00f2 va portar a una dolorosa derrota. El fet de mer\u00e8ixer no ha estat premiat amb punts.<\/p>\n\n\n\n<p>El gol, el m\u00e9s car en el futbol, va caure de \u00abcara\u00bb per a la UE Figueres i d&#8217;aqu\u00ed la vict\u00f2ria per 1 a 0.<br>Avui, que estem una mica nost\u00e0lgics, postil\u00b7lem aquesta cr\u00f2nica amb una altra frase m\u00edtica, aquesta vegada de l&#8217;\u00ednclit Jos\u00e9 Mar\u00eda&nbsp;Garc\u00eda: \u00abel temps \u00e9s l&#8217;\u00fanic jutge imparcial que quitaci\u00f3 i dona raons\u00bb. Cada vegada queda menys temps, per\u00f2 aquest cadet B no deixa de donar raons per a guanyar partits.<\/p>\n\n\n\n<p>El cos t\u00e8cnic ens va deixar les seg\u00fcents reflexions: \u00abEls nois han fet un partit superb, dominant en tot moment els temps i jugant al que ells han volgut. No podem retreure res a ning\u00fa. Aix\u00f2 \u00e9s un altre cop, per\u00f2 ens estem en la lona, ni de bon tros. Entenem que \u00e9s una situaci\u00f3 complicada i sabem que tornarem a fer un altre pas cap endavant perqu\u00e8 si aquest equip t\u00e9 alguna cosa&nbsp;s\u00f3n&nbsp;dues coses: orgull i futbol\u00bb.<\/p>\n\n\n\n<p><\/p>\n\n\n\n<hr class=\"wp-block-separator\"\/>\n\n\n\n<p><\/p>\n\n\n\n<p><strong>Figueres 1 &#8211; Cadete \u00abB\u00bb 0<\/strong><\/p>\n\n\n\n<p>\u00a1F\u00fatbol es f\u00fatbol! Dijo Vujadin Boskov en 1979 y, 43 a\u00f1os m\u00e1s tarde, sigue tan vigente como el primer d\u00eda.<\/p>\n\n\n\n<p>Los jugadores del Cadete B de Grama lo est\u00e1n experimentando a lo largo de esta temporada y es que, cuanto m\u00e1s alta es la categor\u00eda, m\u00e1s importan los detalles. F\u00edjense en este: \u201cun saque de esquina, un \u201csemidespeje\u201d, la pelota rebota en la cara de un jugador rival y se introduce sin remedio en la porter\u00eda azulona\u201d.\u00a0<\/p>\n\n\n\n<p>Esto sucedi\u00f3 al final de la primera mitad del encuentro ante la U.E. Figueres, jugado en su casa, en la que hubo muchos acercamientos por parte de los visitantes y dos de los locales.<\/p>\n\n\n\n<p>Los de Santa Coloma fueron un vendaval en la segunda parte. S\u00f3lo se jug\u00f3 en la mitad de campo local, donde hubo, al menos 8-10 ocasiones claras de gol entre remates y pases de la \u201cmuerte\u201d que no se concretaron y eso llev\u00f3 a una dolorosa derrota. El merecer no ha sido premiado con puntos.<\/p>\n\n\n\n<p>El gol, lo m\u00e1s caro en el f\u00fatbol, cay\u00f3 de \u201ccara\u201d para la UE Figueres y de ah\u00ed la victoria por 1 a 0.<\/p>\n\n\n\n<p>Hoy, que estamos un poco nost\u00e1lgicos, apostillamos esta cr\u00f3nica con otra frase m\u00edtica, esta vez del \u00ednclito Jos\u00e9 Mar\u00eda Garc\u00eda: \u201cel tiempo es el \u00fanico juez imparcial que quita y da razones\u201d. Cada vez queda menos tiempo, pero este cadete B no deja de dar razones para ganar partidos.<\/p>\n\n\n\n<p>El cuerpo t\u00e9cnico nos dej\u00f3 las siguientes reflexiones: \u201cLos chicos han hecho un partido soberbio, dominando en todo momento los tiempos y jugando a lo que ellos han querido. No podemos reprochar nada a nadie. Esto es otro golpe, pero nos estamos en la lona, ni mucho menos. Entendemos que es una situaci\u00f3n complicada y sabemos que volveremos a dar otro paso hacia adelante porque si este equipo tiene algo son dos cosas: orgullo y f\u00fatbol\u201d.<\/p>\n","protected":false},"excerpt":{"rendered":"<p>Figueres 1 &#8211; Cadet \u00abB\u00bb 0 Futbol \u00e9s futbol! Va dir&nbsp;Vujadin&nbsp;Boskov&nbsp;en 1979 i,&nbsp;43&nbsp;anys m\u00e9s tard, segueix tan vigent com el primer dia. Els jugadors del Cadet B de Grama l&#8217;estan experimentant al llarg d&#8217;aquesta temporada i \u00e9s que, com m\u00e9s alta \u00e9s la categoria, m\u00e9s importen els detalls. Fixin-se en aquest: \u00abun servei de cantonada, [&hellip;]<\/p>\n","protected":false},"author":1,"featured_media":30227,"comment_status":"closed","ping_status":"closed","sticky":false,"template":"","format":"standard","meta":{"footnotes":""},"categories":[4,7],"tags":[],"class_list":["post-30707","post","type-post","status-publish","format-standard","has-post-thumbnail","hentry","category-base-inclusiu","category-cadets"],"_links":{"self":[{"href":"http:\/\/fegrama.cat\/web\/wp-json\/wp\/v2\/posts\/30707","targetHints":{"allow":["GET"]}}],"collection":[{"href":"http:\/\/fegrama.cat\/web\/wp-json\/wp\/v2\/posts"}],"about":[{"href":"http:\/\/fegrama.cat\/web\/wp-json\/wp\/v2\/types\/post"}],"author":[{"embeddable":true,"href":"http:\/\/fegrama.cat\/web\/wp-json\/wp\/v2\/users\/1"}],"replies":[{"embeddable":true,"href":"http:\/\/fegrama.cat\/web\/wp-json\/wp\/v2\/comments?post=30707"}],"version-history":[{"count":1,"href":"http:\/\/fegrama.cat\/web\/wp-json\/wp\/v2\/posts\/30707\/revisions"}],"predecessor-version":[{"id":30708,"href":"http:\/\/fegrama.cat\/web\/wp-json\/wp\/v2\/posts\/30707\/revisions\/30708"}],"wp:featuredmedia":[{"embeddable":true,"href":"http:\/\/fegrama.cat\/web\/wp-json\/wp\/v2\/media\/30227"}],"wp:attachment":[{"href":"http:\/\/fegrama.cat\/web\/wp-json\/wp\/v2\/media?parent=30707"}],"wp:term":[{"taxonomy":"category","embeddable":true,"href":"http:\/\/fegrama.cat\/web\/wp-json\/wp\/v2\/categories?post=30707"},{"taxonomy":"post_tag","embeddable":true,"href":"http:\/\/fegrama.cat\/web\/wp-json\/wp\/v2\/tags?post=30707"}],"curies":[{"name":"wp","href":"https:\/\/api.w.org\/{rel}","templated":true}]}}