{"id":3066,"date":"2014-03-31T08:23:38","date_gmt":"2014-03-31T07:23:38","guid":{"rendered":"http:\/\/fegrama.cat\/web\/?p=3066"},"modified":"2014-03-30T17:49:06","modified_gmt":"2014-03-30T16:49:06","slug":"linfantil-preferent-de-la-fegrama-guanya-a-lestadi-municipal-de-lhospitalet-per-2-4","status":"publish","type":"post","link":"http:\/\/fegrama.cat\/web\/linfantil-preferent-de-la-fegrama-guanya-a-lestadi-municipal-de-lhospitalet-per-2-4\/","title":{"rendered":"L&#8217;Infantil Preferent de la FEGrama guany\u00e0 a l&#8217;Estadi Municipal de L&#8217;Hospitalet per 2-4"},"content":{"rendered":"<p style=\"text-align: justify;\"><span style=\"color: #000000;\">L&#8217;Infantil Preferent de la FEGrama dirigits per Rub\u00e9n Blanco ha guanyat a L&#8217;Hospitalet per 2-4. Aquesta segona vict\u00f2ria consecutiva com davant l&#8217;Uni\u00f3 J\u00e0bac i Terrassa per 2-0 de la setmana passada permet al conjunt de la Fundaci\u00f3 Grama ampliar a 4 punts la difer\u00e8ncia amb aquest rival directe de Barcelona i empatar a punts amb la Damm i consolidar-se al numer\u00f2s grup d&#8217;equips amb m\u00e9s de 20 punts.<\/span><\/p>\n<p style=\"text-align: justify;\"><span style=\"color: #000000;\">I aix\u00f2 que l&#8217;Infantil A FEGrama va comen\u00e7ar rebent un gol en contra va empatar Dante Funes. I abans del descans, va arribar el gol de la remuntada a c\u00e0rrec d&#8217;Israel Puerto i el 1-3 de Wanderson Souza. Javier Manchado faria el definitiu gol per a la Fundaci\u00f3 Grama, el 2-4.<\/span><\/p>\n<p style=\"text-align: justify;\"><span style=\"color: #000000;\">A la jornada 23 d&#8217;aquest grup 4 de Preferent Infantil, amb 24 punts l&#8217;equip de la FEG rebr\u00e0 al Nou Municipal a la Damm, onz\u00e8 classificat amb 24 punts, el diumenge 6 d&#8217;abril a les 11:45 hores.<\/span><\/p>\n<p style=\"text-align: justify;\"><span style=\"color: #000000;\">[divider]<\/span><\/p>\n<p style=\"text-align: justify;\"><span style=\"color: #000000;\">[button color=\u00bbblue\u00bb size=\u00bbsmall\u00bb link=\u00bbhttp:\/\/www.fcf.cat\/pnfg\/NFG_CmpJornada?cod_primaria=1000120&amp;CodCompeticion=18473300&amp;CodGrupo=18492148&amp;CodTemporada=9&amp;CodJornada=10&#8243; target=\u00bbblank\u00bb ]Resultats[\/button]<\/span><\/p>\n<p style=\"text-align: justify;\"><span style=\"color: #000000;\">[button color=\u00bbblue\u00bb size=\u00bbsmall\u00bb link=\u00bbhttp:\/\/www.fcf.cat\/pnfg\/NPcd\/NFG_VisClasificacion?cod_primaria=1000120&amp;codgrupo=18492148&amp;codcompeticion=18473300&#8243; target=\u00bbblank\u00bb ]Classificaci\u00f3[\/button]<\/span><\/p>\n<p style=\"text-align: justify;\"><span style=\"color: #000000;\">El Infantil Preferente de la FEGRAM dirigidos por Rub\u00e9n Blanco ha ganado en L&#8217;Hospitalet por 2-4. Esta segunda victoria consecutiva como ante la Uni\u00f3n J\u00e0bac y Terrassa por 2-0 de la semana pasada permite al conjunto de la Fundaci\u00f3n Grama ampliar a 4 puntos la diferencia con este rival directo de Barcelona y empatar a puntos con la Damm y consolidarse al n\u00fameros grupo de equipos con m\u00e1s de 20 puntos.<\/span><\/p>\n<p style=\"text-align: justify;\"><span style=\"color: #000000;\">Y eso que el Infantil A FEGRAM comenz\u00f3 recibiendo un gol en contra empat\u00f3 Dante Funes. Y antes del descanso, lleg\u00f3 el gol de la remontada a cargo de Israel Puerto y el 1-3 de Wanderson Souza. Javier Manchado har\u00eda el definitivo gol para la Fundaci\u00f3n Grama, el 2-4.<\/span><\/p>\n<p style=\"text-align: justify;\"><span style=\"color: #000000;\">En la jornada 23 de este grupo 4 de Preferente Infantil, con 24 puntos el equipo de la FEG recibir\u00e1 en el Nou Municipal a la Damm, und\u00e9cimo clasificado con 24 puntos, el domingo 6 de abril a las 11:45 horas.<\/span><\/p>\n<p style=\"text-align: justify;\"><span style=\"color: #000000;\"><strong>Visca l&#8217;Esperit Grama!!!<\/strong><\/span><\/p>\n","protected":false},"excerpt":{"rendered":"<p>L&#8217;Infantil Preferent de la FEGrama dirigits per Rub\u00e9n Blanco ha guanyat a L&#8217;Hospitalet per 2-4. Aquesta segona vict\u00f2ria consecutiva com davant l&#8217;Uni\u00f3 J\u00e0bac i Terrassa per 2-0 de la setmana passada permet al conjunt de la Fundaci\u00f3 Grama ampliar a 4 punts la difer\u00e8ncia amb aquest rival directe de Barcelona i empatar a punts amb [&hellip;]<\/p>\n","protected":false},"author":1,"featured_media":0,"comment_status":"closed","ping_status":"closed","sticky":false,"template":"","format":"standard","meta":{"footnotes":""},"categories":[4,9],"tags":[],"class_list":["post-3066","post","type-post","status-publish","format-standard","hentry","category-base-inclusiu","category-infantils"],"_links":{"self":[{"href":"http:\/\/fegrama.cat\/web\/wp-json\/wp\/v2\/posts\/3066","targetHints":{"allow":["GET"]}}],"collection":[{"href":"http:\/\/fegrama.cat\/web\/wp-json\/wp\/v2\/posts"}],"about":[{"href":"http:\/\/fegrama.cat\/web\/wp-json\/wp\/v2\/types\/post"}],"author":[{"embeddable":true,"href":"http:\/\/fegrama.cat\/web\/wp-json\/wp\/v2\/users\/1"}],"replies":[{"embeddable":true,"href":"http:\/\/fegrama.cat\/web\/wp-json\/wp\/v2\/comments?post=3066"}],"version-history":[{"count":1,"href":"http:\/\/fegrama.cat\/web\/wp-json\/wp\/v2\/posts\/3066\/revisions"}],"predecessor-version":[{"id":3068,"href":"http:\/\/fegrama.cat\/web\/wp-json\/wp\/v2\/posts\/3066\/revisions\/3068"}],"wp:attachment":[{"href":"http:\/\/fegrama.cat\/web\/wp-json\/wp\/v2\/media?parent=3066"}],"wp:term":[{"taxonomy":"category","embeddable":true,"href":"http:\/\/fegrama.cat\/web\/wp-json\/wp\/v2\/categories?post=3066"},{"taxonomy":"post_tag","embeddable":true,"href":"http:\/\/fegrama.cat\/web\/wp-json\/wp\/v2\/tags?post=3066"}],"curies":[{"name":"wp","href":"https:\/\/api.w.org\/{rel}","templated":true}]}}