{"id":30654,"date":"2022-04-07T11:39:48","date_gmt":"2022-04-07T10:39:48","guid":{"rendered":"http:\/\/fegrama.cat\/web\/?p=30654"},"modified":"2022-04-07T11:39:49","modified_gmt":"2022-04-07T10:39:49","slug":"recaptacio-a-lavv-raval","status":"publish","type":"post","link":"http:\/\/fegrama.cat\/web\/recaptacio-a-lavv-raval\/","title":{"rendered":"Recaptaci\u00f3 a l&#8217;AVV Raval"},"content":{"rendered":"\n<p>Darrer partit a casa de la temporada. A l&#8217;anterior novament Santa Coloma es va bolcar amb la Grama i per ajudar a l&#8217;AVV Riu Sud. Aconseguint-se recaptar un total de 900\u20ac \u00edntegrament lliurats a l&#8217;AVV Riu Sud per a activitats infantils.<\/p>\n\n\n\n<p>En el partit d&#8217;aquest proper diumenge 17 d&#8217;abril, la recaptaci\u00f3 anir\u00e0 destinada a les activitats infantils de l&#8217;AVV Raval.<\/p>\n\n\n\n<p>T&#8217;esperem al Municipal!<\/p>\n\n\n\n<div class=\"wp-block-image\"><figure class=\"aligncenter size-large is-resized\"><img loading=\"lazy\" decoding=\"async\" src=\"https:\/\/fegrama.cat\/web\/wp-content\/uploads\/2022\/04\/cartelavvraval-1024x1024.jpg\" alt=\"\" class=\"wp-image-30655\" width=\"580\" height=\"580\" srcset=\"http:\/\/fegrama.cat\/web\/wp-content\/uploads\/2022\/04\/cartelavvraval-1024x1024.jpg 1024w, http:\/\/fegrama.cat\/web\/wp-content\/uploads\/2022\/04\/cartelavvraval-300x300.jpg 300w, http:\/\/fegrama.cat\/web\/wp-content\/uploads\/2022\/04\/cartelavvraval-150x150.jpg 150w, http:\/\/fegrama.cat\/web\/wp-content\/uploads\/2022\/04\/cartelavvraval-768x768.jpg 768w, http:\/\/fegrama.cat\/web\/wp-content\/uploads\/2022\/04\/cartelavvraval.jpg 1080w\" sizes=\"auto, (max-width: 580px) 100vw, 580px\" \/><\/figure><\/div>\n\n\n\n<p>\u00daltimo partido en casa de la temporada. En el anterior nuevamente Santa Coloma se volc\u00f3 con la Grama y para ayudar a la AVV Riu Sud. Logr\u00e1ndose recaudar un total de 900\u20ac \u00edntegramente entregados a la AVV Riu Sud para actividades infantiles.<\/p>\n\n\n\n<p>En el partido de este pr\u00f3ximo domingo 17 de abril la recaudaci\u00f3n ir\u00e1 destinada a las actividades infantiles de la AVV Raval. <\/p>\n\n\n\n<p>\u00a1Te esperamos en el Municipal!<\/p>\n","protected":false},"excerpt":{"rendered":"<p>Darrer partit a casa de la temporada. A l&#8217;anterior novament Santa Coloma es va bolcar amb la Grama i per ajudar a l&#8217;AVV Riu Sud. Aconseguint-se recaptar un total de 900\u20ac \u00edntegrament lliurats a l&#8217;AVV Riu Sud per a activitats infantils. En el partit d&#8217;aquest proper diumenge 17 d&#8217;abril, la recaptaci\u00f3 anir\u00e0 destinada a les [&hellip;]<\/p>\n","protected":false},"author":1,"featured_media":30655,"comment_status":"closed","ping_status":"closed","sticky":false,"template":"","format":"standard","meta":{"footnotes":""},"categories":[14],"tags":[],"class_list":["post-30654","post","type-post","status-publish","format-standard","has-post-thumbnail","hentry","category-noticies"],"_links":{"self":[{"href":"http:\/\/fegrama.cat\/web\/wp-json\/wp\/v2\/posts\/30654","targetHints":{"allow":["GET"]}}],"collection":[{"href":"http:\/\/fegrama.cat\/web\/wp-json\/wp\/v2\/posts"}],"about":[{"href":"http:\/\/fegrama.cat\/web\/wp-json\/wp\/v2\/types\/post"}],"author":[{"embeddable":true,"href":"http:\/\/fegrama.cat\/web\/wp-json\/wp\/v2\/users\/1"}],"replies":[{"embeddable":true,"href":"http:\/\/fegrama.cat\/web\/wp-json\/wp\/v2\/comments?post=30654"}],"version-history":[{"count":1,"href":"http:\/\/fegrama.cat\/web\/wp-json\/wp\/v2\/posts\/30654\/revisions"}],"predecessor-version":[{"id":30656,"href":"http:\/\/fegrama.cat\/web\/wp-json\/wp\/v2\/posts\/30654\/revisions\/30656"}],"wp:featuredmedia":[{"embeddable":true,"href":"http:\/\/fegrama.cat\/web\/wp-json\/wp\/v2\/media\/30655"}],"wp:attachment":[{"href":"http:\/\/fegrama.cat\/web\/wp-json\/wp\/v2\/media?parent=30654"}],"wp:term":[{"taxonomy":"category","embeddable":true,"href":"http:\/\/fegrama.cat\/web\/wp-json\/wp\/v2\/categories?post=30654"},{"taxonomy":"post_tag","embeddable":true,"href":"http:\/\/fegrama.cat\/web\/wp-json\/wp\/v2\/tags?post=30654"}],"curies":[{"name":"wp","href":"https:\/\/api.w.org\/{rel}","templated":true}]}}