{"id":30649,"date":"2022-04-04T16:07:47","date_gmt":"2022-04-04T15:07:47","guid":{"rendered":"http:\/\/fegrama.cat\/web\/?p=30649"},"modified":"2022-04-04T16:07:47","modified_gmt":"2022-04-04T15:07:47","slug":"quarta-victoria-consecutiva-del-juvenil-c","status":"publish","type":"post","link":"http:\/\/fegrama.cat\/web\/quarta-victoria-consecutiva-del-juvenil-c\/","title":{"rendered":"Quarta vict\u00f2ria consecutiva del Juvenil \u00abC\u00bb!"},"content":{"rendered":"\n<p><strong>Barcino 1 &#8211; Juvenil \u201cC\u201d 2<\/strong><\/p>\n\n\n\n<p>La\u00a0Grama\u00a0va comen\u00e7ar molt b\u00e9 anant des de darrere i trobant homes lliures malgrat les estretes dimensions del camp el que creava dificultats. A m\u00e9s cal sumar-li el temporal, un vent terrible que no deixava llan\u00e7ar des de darrere.<br><br>Gr\u00e0cies al treball en equip, s&#8217;aconsegueixen dos gols i per desgr\u00e0cia, amb un jugador menys de cara a la segona part. Encara aix\u00ed la defensa dels de la\u00a0Grama\u00a0era perfecta, compactats i incomodant als contraris quan volien llan\u00e7ar pilota.<br><br>Gr\u00e0cies a la bona defensiva, la determinaci\u00f3 i la bona comunicaci\u00f3 va arribar la quarta vict\u00f2ria consecutiva dels nostres juvenils!<br><br>L&#8217;entrenador es mostra summament feli\u00e7 per la din\u00e0mica de grup que es demostra en el camp i per la vict\u00f2ria en el dia del seu aniversari.<br><br>FELICITATS!<\/p>\n\n\n\n<p><\/p>\n\n\n\n<hr class=\"wp-block-separator\"\/>\n\n\n\n<p><\/p>\n\n\n\n<p><strong>Barcino 1 &#8211; Juvenil \u201cC\u201d 2<\/strong><\/p>\n\n\n\n<p>La Grama empez\u00f3 muy bien yendo desde atr\u00e1s y encontrando hombres libres a pesar de las estrechas dimensiones del campo lo que creaba dificultades. Adem\u00e1s hay que sumarle el temporal, un viento terrible que no dejaba lanzar desde atr\u00e1s.<\/p>\n\n\n\n<p>Gracias al trabajo en equipo, se consiguen dos goles y por desgracia, con un jugador menos de cara a la segunda parte. A\u00fan as\u00ed la defensa de los de la Grama era perfecta, compactados e incomodando a los contrarios cu\u00e1ndo quer\u00edan lanzar bal\u00f3n.<\/p>\n\n\n\n<p>Gracias a la buena defensiva, la determinaci\u00f3n y la buena comunicaci\u00f3n lleg\u00f3 la cuarta victoria consecutiva de nuestros juveniles!<\/p>\n\n\n\n<p>El entrenador se muestra sumamente feliz por la din\u00e1mica de grupo que se demuestra en el campo y por la victoria en el d\u00eda de su cumplea\u00f1os.<\/p>\n\n\n\n<p>\u00a1FELICIDADES!<\/p>\n","protected":false},"excerpt":{"rendered":"<p>Barcino 1 &#8211; Juvenil \u201cC\u201d 2 La\u00a0Grama\u00a0va comen\u00e7ar molt b\u00e9 anant des de darrere i trobant homes lliures malgrat les estretes dimensions del camp el que creava dificultats. A m\u00e9s cal sumar-li el temporal, un vent terrible que no deixava llan\u00e7ar des de darrere. Gr\u00e0cies al treball en equip, s&#8217;aconsegueixen dos gols i per desgr\u00e0cia, [&hellip;]<\/p>\n","protected":false},"author":1,"featured_media":30113,"comment_status":"closed","ping_status":"closed","sticky":false,"template":"","format":"standard","meta":{"footnotes":""},"categories":[4,6],"tags":[],"class_list":["post-30649","post","type-post","status-publish","format-standard","has-post-thumbnail","hentry","category-base-inclusiu","category-juvenils"],"_links":{"self":[{"href":"http:\/\/fegrama.cat\/web\/wp-json\/wp\/v2\/posts\/30649","targetHints":{"allow":["GET"]}}],"collection":[{"href":"http:\/\/fegrama.cat\/web\/wp-json\/wp\/v2\/posts"}],"about":[{"href":"http:\/\/fegrama.cat\/web\/wp-json\/wp\/v2\/types\/post"}],"author":[{"embeddable":true,"href":"http:\/\/fegrama.cat\/web\/wp-json\/wp\/v2\/users\/1"}],"replies":[{"embeddable":true,"href":"http:\/\/fegrama.cat\/web\/wp-json\/wp\/v2\/comments?post=30649"}],"version-history":[{"count":1,"href":"http:\/\/fegrama.cat\/web\/wp-json\/wp\/v2\/posts\/30649\/revisions"}],"predecessor-version":[{"id":30650,"href":"http:\/\/fegrama.cat\/web\/wp-json\/wp\/v2\/posts\/30649\/revisions\/30650"}],"wp:featuredmedia":[{"embeddable":true,"href":"http:\/\/fegrama.cat\/web\/wp-json\/wp\/v2\/media\/30113"}],"wp:attachment":[{"href":"http:\/\/fegrama.cat\/web\/wp-json\/wp\/v2\/media?parent=30649"}],"wp:term":[{"taxonomy":"category","embeddable":true,"href":"http:\/\/fegrama.cat\/web\/wp-json\/wp\/v2\/categories?post=30649"},{"taxonomy":"post_tag","embeddable":true,"href":"http:\/\/fegrama.cat\/web\/wp-json\/wp\/v2\/tags?post=30649"}],"curies":[{"name":"wp","href":"https:\/\/api.w.org\/{rel}","templated":true}]}}