{"id":30626,"date":"2022-04-04T08:49:58","date_gmt":"2022-04-04T07:49:58","guid":{"rendered":"http:\/\/fegrama.cat\/web\/?p=30626"},"modified":"2022-04-04T08:50:00","modified_gmt":"2022-04-04T07:50:00","slug":"amb-un-menys-gran-feina-i-empat-dels-veterans-3-3","status":"publish","type":"post","link":"http:\/\/fegrama.cat\/web\/amb-un-menys-gran-feina-i-empat-dels-veterans-3-3\/","title":{"rendered":"Amb un menys, gran feina i empat dels Veterans (3-3)"},"content":{"rendered":"\n<p>Partido entre posiblemente los dos equipos que mejor f\u00fatbol hacen de la liga. Y marcador final de 3-3 para el CF Damm ante nuestros Veteranos.<\/p>\n\n\n\n<p>Los Veteranos de la Grama, a\u00fan con muchas bajas, comenzaron el partido dominando el juego y haci\u00e9ndose due\u00f1os del medio campo, creando muchas ocasiones, eso permiti\u00f3 a la Grama ponerse por delante en el marcador con dos goles. Dos errores permit\u00edan a la Damm igualar el marcador antes del descanso. <\/p>\n\n\n\n<p>Los colomenses buscaron volver a adelantarse antes del descanso y en una de las \u00faltimas jugadas de la primera parte se quedaban con diez jugadores por una zancadilla sin el bal\u00f3n que el \u00e1rbitro interpret\u00f3 como agresi\u00f3n y complicaba mucho el partido para la Grama.<\/p>\n\n\n\n<p>En la segunda parte la Grama comenz\u00f3 bien posicionada y dominando el ritmo y el bal\u00f3n para minimizar el jugador m\u00e1s que ten\u00eda el rival, los jugadores de la Damm corr\u00edan detr\u00e1s del bal\u00f3n. Con el paso de los minutos y el cansancio cada vez les costaba m\u00e1s mantener el bal\u00f3n a los jugadores de la Grama y la Damm comenzaba a crear peligro.<\/p>\n\n\n\n<p>En una falta sacada de forma r\u00e1pida se pon\u00edan por delante los locales, quedaban 10 minutos y la Grama busco el empate y a poco m\u00e1s de 2 minutos para el final los jugadores de la Grama met\u00edan un bal\u00f3n al \u00e1rea y el rechace era recogido por uno de los delanteros que empalmaba el bal\u00f3n y pon\u00eda el definitivo empate a 3.<\/p>\n","protected":false},"excerpt":{"rendered":"<p>Partido entre posiblemente los dos equipos que mejor f\u00fatbol hacen de la liga. Y marcador final de 3-3 para el CF Damm ante nuestros Veteranos. Los Veteranos de la Grama, a\u00fan con muchas bajas, comenzaron el partido dominando el juego y haci\u00e9ndose due\u00f1os del medio campo, creando muchas ocasiones, eso permiti\u00f3 a la Grama ponerse [&hellip;]<\/p>\n","protected":false},"author":1,"featured_media":27243,"comment_status":"closed","ping_status":"closed","sticky":false,"template":"","format":"standard","meta":{"footnotes":""},"categories":[4,751],"tags":[],"class_list":["post-30626","post","type-post","status-publish","format-standard","has-post-thumbnail","hentry","category-base-inclusiu","category-veterans"],"_links":{"self":[{"href":"http:\/\/fegrama.cat\/web\/wp-json\/wp\/v2\/posts\/30626","targetHints":{"allow":["GET"]}}],"collection":[{"href":"http:\/\/fegrama.cat\/web\/wp-json\/wp\/v2\/posts"}],"about":[{"href":"http:\/\/fegrama.cat\/web\/wp-json\/wp\/v2\/types\/post"}],"author":[{"embeddable":true,"href":"http:\/\/fegrama.cat\/web\/wp-json\/wp\/v2\/users\/1"}],"replies":[{"embeddable":true,"href":"http:\/\/fegrama.cat\/web\/wp-json\/wp\/v2\/comments?post=30626"}],"version-history":[{"count":1,"href":"http:\/\/fegrama.cat\/web\/wp-json\/wp\/v2\/posts\/30626\/revisions"}],"predecessor-version":[{"id":30627,"href":"http:\/\/fegrama.cat\/web\/wp-json\/wp\/v2\/posts\/30626\/revisions\/30627"}],"wp:featuredmedia":[{"embeddable":true,"href":"http:\/\/fegrama.cat\/web\/wp-json\/wp\/v2\/media\/27243"}],"wp:attachment":[{"href":"http:\/\/fegrama.cat\/web\/wp-json\/wp\/v2\/media?parent=30626"}],"wp:term":[{"taxonomy":"category","embeddable":true,"href":"http:\/\/fegrama.cat\/web\/wp-json\/wp\/v2\/categories?post=30626"},{"taxonomy":"post_tag","embeddable":true,"href":"http:\/\/fegrama.cat\/web\/wp-json\/wp\/v2\/tags?post=30626"}],"curies":[{"name":"wp","href":"https:\/\/api.w.org\/{rel}","templated":true}]}}